{"id":138041,"date":"2024-02-03T06:23:00","date_gmt":"2024-02-03T12:23:00","guid":{"rendered":"https:\/\/nvnoticias.mx\/?p=138041"},"modified":"2024-02-02T23:24:27","modified_gmt":"2024-02-03T05:24:27","slug":"realizara-blinken-una-nueva-gira-por-medio-oriente-para-mediar-en-el-conflicto-de-israel-y-hamas","status":"publish","type":"post","link":"https:\/\/nvnoticias.mx\/index.php\/2024\/02\/03\/realizara-blinken-una-nueva-gira-por-medio-oriente-para-mediar-en-el-conflicto-de-israel-y-hamas\/","title":{"rendered":"Realizar\u00e1 Blinken una nueva gira por Medio Oriente para mediar en el conflicto de Israel y Hamas"},"content":{"rendered":"\n<p>El secretario de Estado de\u00a0EEUU,\u00a0<strong>Antony Blinken, iniciar\u00e1 este domingo su quinta gira por Medio Oriente<\/strong>\u00a0desde el inicio en octubre pasado del conflicto entre\u00a0Israel\u00a0y el grupo terrorista Hamas, al que Estados Unidos quiere dar salida con la creaci\u00f3n de un Estado palestino independiente que a su vez garantice la seguridad de Israel.<\/p>\n\n\n\n<p>El Departamento de Estado inform\u00f3 este viernes en un comunicado que el jefe de la diplomacia estadounidense viajar\u00e1 hasta el pr\u00f3ximo jueves a\u00a0<strong>Arabia Saudita, Egipto, Qatar, Israel y Cisjordania<\/strong>.<\/p>\n\n\n\n<p>El objetivo de la gira es \u201cseguir con los esfuerzos diplom\u00e1ticos\u201d para la liberaci\u00f3n de los prisioneros en manos de Hamas durante un futuro cese al fuego, as\u00ed como el incremento de la ayuda humanitaria para civiles en Gaza.<\/p>\n\n\n\n<p>A principios de enero estuvo durante una semana en Turqu\u00eda, Grecia, Jordania, Qatar, Emiratos \u00c1rabes Unidos, Arabia Saudita, Israel, Cisjordania, Bar\u00e9in y Egipto para intentar\u00a0<strong>delimitar un plan de actuaci\u00f3n que ponga fin a la guerra<\/strong>\u00a0desatada el 7 de octubre.<\/p>\n\n\n\n<p><\/p>\n\n\n\n<p>En ese desplazamiento endureci\u00f3 su discurso contra la ofensiva que Israel est\u00e1 llevando a cabo en la Franja de Gaza y reiter\u00f3 la importancia de garantizar que la ayuda llegue a la poblaci\u00f3n civil palestina y\u00a0<strong>que el conflicto no se ampl\u00ede a nivel regional.<\/strong><\/p>\n\n\n\n<p>Fuente: <a href=\"https:\/\/www.infobae.com\/estados-unidos\/2024\/02\/03\/el-secretario-de-estado-de-eeuu-realizara-una-nueva-gira-por-medio-oriente-para-mediar-en-el-conflicto-de-israel-y-hamas\/\" data-type=\"URL\" data-id=\"https:\/\/www.infobae.com\/estados-unidos\/2024\/02\/03\/el-secretario-de-estado-de-eeuu-realizara-una-nueva-gira-por-medio-oriente-para-mediar-en-el-conflicto-de-israel-y-hamas\/\">Infobae<\/a><\/p>\n","protected":false},"excerpt":{"rendered":"<p>El secretario de Estado de\u00a0EEUU,\u00a0Antony Blinken, iniciar\u00e1 este domingo su quinta gira por Medio Oriente\u00a0desde el inicio en octubre pasado del conflicto entre\u00a0Israel\u00a0y el grupo terrorista Hamas, al que Estados Unidos quiere dar salida con la creaci\u00f3n de un Estado palestino independiente que a su vez garantice la seguridad de Israel. El Departamento de Estado [&hellip;]<\/p>\n","protected":false},"author":35,"featured_media":99895,"comment_status":"open","ping_status":"open","sticky":false,"template":"","format":"standard","meta":{"_monsterinsights_skip_tracking":false,"_monsterinsights_sitenote_active":false,"_monsterinsights_sitenote_note":"","_monsterinsights_sitenote_category":0,"footnotes":""},"categories":[181],"tags":[18622,3797,27697,3337,17156,15352],"class_list":["post-138041","post","type-post","status-publish","format-standard","has-post-thumbnail","hentry","category-internacional","tag-antony-blinken","tag-gira","tag-hamas-2","tag-israel","tag-medio-oriente","tag-realizara","wp-image-borders"],"amp_enabled":true,"_links":{"self":[{"href":"https:\/\/nvnoticias.mx\/index.php\/wp-json\/wp\/v2\/posts\/138041","targetHints":{"allow":["GET"]}}],"collection":[{"href":"https:\/\/nvnoticias.mx\/index.php\/wp-json\/wp\/v2\/posts"}],"about":[{"href":"https:\/\/nvnoticias.mx\/index.php\/wp-json\/wp\/v2\/types\/post"}],"author":[{"embeddable":true,"href":"https:\/\/nvnoticias.mx\/index.php\/wp-json\/wp\/v2\/users\/35"}],"replies":[{"embeddable":true,"href":"https:\/\/nvnoticias.mx\/index.php\/wp-json\/wp\/v2\/comments?post=138041"}],"version-history":[{"count":3,"href":"https:\/\/nvnoticias.mx\/index.php\/wp-json\/wp\/v2\/posts\/138041\/revisions"}],"predecessor-version":[{"id":138044,"href":"https:\/\/nvnoticias.mx\/index.php\/wp-json\/wp\/v2\/posts\/138041\/revisions\/138044"}],"wp:featuredmedia":[{"embeddable":true,"href":"https:\/\/nvnoticias.mx\/index.php\/wp-json\/wp\/v2\/media\/99895"}],"wp:attachment":[{"href":"https:\/\/nvnoticias.mx\/index.php\/wp-json\/wp\/v2\/media?parent=138041"}],"wp:term":[{"taxonomy":"category","embeddable":true,"href":"https:\/\/nvnoticias.mx\/index.php\/wp-json\/wp\/v2\/categories?post=138041"},{"taxonomy":"post_tag","embeddable":true,"href":"https:\/\/nvnoticias.mx\/index.php\/wp-json\/wp\/v2\/tags?post=138041"}],"curies":[{"name":"wp","href":"https:\/\/api.w.org\/{rel}","templated":true}]}}