{"id":137984,"date":"2024-02-03T05:11:00","date_gmt":"2024-02-03T11:11:00","guid":{"rendered":"https:\/\/nvnoticias.mx\/?p=137984"},"modified":"2024-02-02T22:13:11","modified_gmt":"2024-02-03T04:13:11","slug":"supervisa-batres-reconstruccion-de-la-clinica-25-del-imss","status":"publish","type":"post","link":"https:\/\/nvnoticias.mx\/index.php\/2024\/02\/03\/supervisa-batres-reconstruccion-de-la-clinica-25-del-imss\/","title":{"rendered":"Supervisa Batres reconstrucci\u00f3n de la Cl\u00ednica 25 del IMSS"},"content":{"rendered":"\n<p>El jefe de Gobierno, Mart\u00ed Batres Guadarrama, acompa\u00f1\u00f3 al director general del&nbsp;<strong>Instituto Mexicano del Seguro Social (IMSS)<\/strong>, Zo\u00e9 Robledo, a un recorrido de supervisi\u00f3n de obra del Hospital General de Zona No. 25 &#8220;Ignacio Zaragoza&#8221;, en la&nbsp;<strong>alcald\u00eda Iztapalapa<\/strong>, el cual result\u00f3 afectado tras el sismo de 2017.<\/p>\n\n\n\n<p>Actualmente, en este lugar se llevan a cabo trabajos de reconstrucci\u00f3n a cargo de la&nbsp;<strong>Secretar\u00eda de la Defensa Nacional (Sedena)<\/strong>&nbsp;y el IMSS, con lo que se prev\u00e9 beneficiar a 491 mil derechohabientes del oriente de la CDMX.<\/p>\n\n\n\n<p>En su visita, el mandatario afirm\u00f3 que de aqu\u00ed \u201cva a salir un nuevo hospital\u201d con lo que se garantizar\u00e1 el acceso a servicios de salud dignos, modernos, gratuitos y de calidad para la ciudadan\u00eda.<\/p>\n\n\n\n<blockquote class=\"wp-block-quote is-layout-flow wp-block-quote-is-layout-flow\"><p>\u201cVa a salir de aqu\u00ed un nuevo hospital y eso va a permitir instalaciones renovadas, con equipo renovado, nuevo, con un equipamiento m\u00e1s actualizado y eso va a ser un gran servicio para los habitantes de la Ciudad de M\u00e9xico y, particularmente, para los habitantes del oriente de la ciudad\u201d, expres\u00f3.<\/p><\/blockquote>\n\n\n\n<p>Por su parte, el director general del IMSS, Zo\u00e9 Robledo, detall\u00f3 que se trata de una superficie de m\u00e1s de 40 mil metros cuadrados, que contar\u00e1 con seis niveles y tendr\u00e1 capacidad para 180 camas, 40 consultorios de especialidades y seis quir\u00f3fanos.<\/p>\n\n\n\n<blockquote class=\"wp-block-quote is-layout-flow wp-block-quote-is-layout-flow\"><p>&#8220;Va a ser un hospital de alt\u00edsima complejidad y adem\u00e1s, vuelve a su vocaci\u00f3n tambi\u00e9n de hospital-escuela&#8221;, coment\u00f3.<\/p><\/blockquote>\n\n\n\n<p>En tanto, el ingeniero constructor de la Sedena, Coronel Blas Andr\u00e9s Nu\u00f1ez Jord\u00e1n, explic\u00f3 que fue necesario demoler el inmueble derivado de las afectaciones estructurales que sufri\u00f3 y explic\u00f3 que se llevan a cabo labores de colocaci\u00f3n de trabes, pozos, ductos, muros, redes de cableado, entre otros.PUBLICIDAD<\/p>\n\n\n\n<blockquote class=\"wp-block-quote is-layout-flow wp-block-quote-is-layout-flow\"><p>&#8220;Actualmente en la obra se ejecuta la colocaci\u00f3n de vigas, trabes, columnas de acero, as\u00ed como el recubrimiento de las columnas del muro principal para poder llevar a cabo la cimentaci\u00f3n del edificio. (&#8230;) Instalaciones el\u00e9ctricas, hidr\u00e1ulicas y sanitarias, as\u00ed como la ducter\u00eda del aire acondicionado y pozos de manejo del manto fre\u00e1tico&#8221;, concluy\u00f3.<a href=\"https:\/\/www.eluniversal.com.mx\/metropoli\/presentan-ante-un-juez-a-4-de-los-5-detenidos-tras-hallazgo-de-una-cabeza-afuera-del-reclusorio-norte\/\">Presentan&nbsp;<\/a><\/p><\/blockquote>\n\n\n\n<p>Fuente: <a href=\"https:\/\/www.eluniversal.com.mx\/metropoli\/batres-supervisa-reconstruccion-de-la-clinica-25-del-imss-afectada-tras-el-sismo-de-2017\/\" data-type=\"URL\" data-id=\"https:\/\/www.eluniversal.com.mx\/metropoli\/batres-supervisa-reconstruccion-de-la-clinica-25-del-imss-afectada-tras-el-sismo-de-2017\/\">El Universal<\/a> <\/p>\n","protected":false},"excerpt":{"rendered":"<p>El jefe de Gobierno, Mart\u00ed Batres Guadarrama, acompa\u00f1\u00f3 al director general del&nbsp;Instituto Mexicano del Seguro Social (IMSS), Zo\u00e9 Robledo, a un recorrido de supervisi\u00f3n de obra del Hospital General de Zona No. 25 &#8220;Ignacio Zaragoza&#8221;, en la&nbsp;alcald\u00eda Iztapalapa, el cual result\u00f3 afectado tras el sismo de 2017. Actualmente, en este lugar se llevan a cabo [&hellip;]<\/p>\n","protected":false},"author":35,"featured_media":137988,"comment_status":"open","ping_status":"open","sticky":false,"template":"","format":"standard","meta":{"_monsterinsights_skip_tracking":false,"_monsterinsights_sitenote_active":false,"_monsterinsights_sitenote_note":"","_monsterinsights_sitenote_category":0,"footnotes":""},"categories":[157],"tags":[29245,365,4979,7756,11906],"class_list":["post-137984","post","type-post","status-publish","format-standard","has-post-thumbnail","hentry","category-nacional","tag-clinica-25","tag-imss","tag-marti-batres","tag-reconstruccion","tag-supervisa","wp-image-borders"],"amp_enabled":true,"_links":{"self":[{"href":"https:\/\/nvnoticias.mx\/index.php\/wp-json\/wp\/v2\/posts\/137984","targetHints":{"allow":["GET"]}}],"collection":[{"href":"https:\/\/nvnoticias.mx\/index.php\/wp-json\/wp\/v2\/posts"}],"about":[{"href":"https:\/\/nvnoticias.mx\/index.php\/wp-json\/wp\/v2\/types\/post"}],"author":[{"embeddable":true,"href":"https:\/\/nvnoticias.mx\/index.php\/wp-json\/wp\/v2\/users\/35"}],"replies":[{"embeddable":true,"href":"https:\/\/nvnoticias.mx\/index.php\/wp-json\/wp\/v2\/comments?post=137984"}],"version-history":[{"count":3,"href":"https:\/\/nvnoticias.mx\/index.php\/wp-json\/wp\/v2\/posts\/137984\/revisions"}],"predecessor-version":[{"id":137987,"href":"https:\/\/nvnoticias.mx\/index.php\/wp-json\/wp\/v2\/posts\/137984\/revisions\/137987"}],"wp:featuredmedia":[{"embeddable":true,"href":"https:\/\/nvnoticias.mx\/index.php\/wp-json\/wp\/v2\/media\/137988"}],"wp:attachment":[{"href":"https:\/\/nvnoticias.mx\/index.php\/wp-json\/wp\/v2\/media?parent=137984"}],"wp:term":[{"taxonomy":"category","embeddable":true,"href":"https:\/\/nvnoticias.mx\/index.php\/wp-json\/wp\/v2\/categories?post=137984"},{"taxonomy":"post_tag","embeddable":true,"href":"https:\/\/nvnoticias.mx\/index.php\/wp-json\/wp\/v2\/tags?post=137984"}],"curies":[{"name":"wp","href":"https:\/\/api.w.org\/{rel}","templated":true}]}}