{"id":137811,"date":"2024-02-01T15:34:43","date_gmt":"2024-02-01T21:34:43","guid":{"rendered":"https:\/\/nvnoticias.mx\/?p=137811"},"modified":"2024-02-01T15:34:44","modified_gmt":"2024-02-01T21:34:44","slug":"veracruz-es-el-segundo-lugar-en-diabetes-en-adultos-en-mexico","status":"publish","type":"post","link":"https:\/\/nvnoticias.mx\/index.php\/2024\/02\/01\/veracruz-es-el-segundo-lugar-en-diabetes-en-adultos-en-mexico\/","title":{"rendered":"Veracruz es el segundo lugar en diabetes en adultos en M\u00e9xico"},"content":{"rendered":"\n<p><strong>Jes\u00fas Utrilla \/ NV Noticias <\/strong><\/p>\n\n\n\n<p>La obesidad y el sobrepeso infantil aumentaron 120 por ciento en M\u00e9xico, de acuerdo al Fondo de las Naciones Unidas para la Infancia (Unicef) en su informe \u201cLa obesidad en infantes y adolescentes en M\u00e9xico: costos y acciones eficaces para su prevenci\u00f3n\u201d. Dicho incremento de casos se dio entre 1990 y 2023. <\/p>\n\n\n\n<p>El aumento de la obesidad infantil, principalmente fue por h\u00e1bitos alimenticios deficientes y sedentarismo, disparando los casos de diabetes en los \u00faltimos cinco a\u00f1os entre ni\u00f1os y j\u00f3venes mexicanos, indic\u00f3 la integrante de la Uni\u00f3n Social de Empresarios de M\u00e9xico (USEM) en el estado de Veracruz, Sabrina Z\u00e1rate Sa\u00e9nz.<\/p>\n\n\n\n<p>La tambi\u00e9n integrante de la C\u00e1mara Nacional de la Industria Restaurantera y de Alimentos Condimentados (Canirac) en la zona conurbada, dijo que a ra\u00edz de ello, durante las \u00faltimas d\u00e9cadas, la prevalencia de diabetes ha ido en aumento y actualmente se encuentra entre las principales causas de muerte y discapacidad.<\/p>\n\n\n\n<blockquote class=\"wp-block-quote is-layout-flow wp-block-quote-is-layout-flow\"><p><em>&#8220;Tristemente Veracruz ocupada el segundo lugar en diabetes en adultos y ocupa tambi\u00e9n el segundo lugar en diabetes a nivel mundial, esto es un tema realmente alarmante porqu\u00e9 antes la diabetes se daba en personas mayores, es decir 65 y m\u00e1s, ahora se est\u00e1 detectando en personas de m\u00e1s de 30 a\u00f1os y si seguimos con este estilo de alimentaci\u00f3n, vamos a generar que nuestros ni\u00f1os tengan diabetes a muy temprana edad&#8221;.<\/em><\/p><\/blockquote>\n\n\n\n<p>Por esta raz\u00f3n es necesario tomar acciones trav\u00e9s de una alimentaci\u00f3n escolar saludable e integral con la ayuda de las autoridades de los tres \u00f3rdenes de gobierno. <\/p>\n\n\n\n<p>Cabe mencionar que la obesidad infantil es una afecci\u00f3n de salud grave que afecta a ni\u00f1os y adolescentes. <\/p>\n\n\n\n<p>Es particularmente problem\u00e1tica porque el sobrepeso a menudo genera que el ni\u00f1o comience a padecer problemas de salud que antes se consideraban problemas de adultos, como la diabetes, la presi\u00f3n arterial alta y el colesterol alto.<\/p>\n\n\n\n<p>La obesidad infantil tambi\u00e9n puede generar baja autoestima y depresi\u00f3n. Otra recomendaci\u00f3n relevante para prevenir la obesidad infantil es dormir lo suficiente. <\/p>\n\n\n\n<p>Los ni\u00f1os en edad preescolar necesitan entre 11 y 13 horas de sue\u00f1o al d\u00eda, incluyendo las siestas.<\/p>\n\n\n\n<p>Por ello, es crucial que los padres y cuidadores tomen medidas para prevenir la obesidad infantil y promover h\u00e1bitos saludables desde temprana edad.<\/p>\n","protected":false},"excerpt":{"rendered":"<p>Jes\u00fas Utrilla \/ NV Noticias La obesidad y el sobrepeso infantil aumentaron 120 por ciento en M\u00e9xico, de acuerdo al Fondo de las Naciones Unidas para la Infancia (Unicef) en su informe \u201cLa obesidad en infantes y adolescentes en M\u00e9xico: costos y acciones eficaces para su prevenci\u00f3n\u201d. Dicho incremento de casos se dio entre 1990 [&hellip;]<\/p>\n","protected":false},"author":8,"featured_media":10916,"comment_status":"open","ping_status":"open","sticky":false,"template":"","format":"standard","meta":{"_monsterinsights_skip_tracking":false,"_monsterinsights_sitenote_active":false,"_monsterinsights_sitenote_note":"","_monsterinsights_sitenote_category":0,"footnotes":""},"categories":[154],"tags":[7139,180],"class_list":["post-137811","post","type-post","status-publish","format-standard","has-post-thumbnail","hentry","category-veracruz","tag-diabetes","tag-veracruz","wp-image-borders"],"amp_enabled":true,"_links":{"self":[{"href":"https:\/\/nvnoticias.mx\/index.php\/wp-json\/wp\/v2\/posts\/137811","targetHints":{"allow":["GET"]}}],"collection":[{"href":"https:\/\/nvnoticias.mx\/index.php\/wp-json\/wp\/v2\/posts"}],"about":[{"href":"https:\/\/nvnoticias.mx\/index.php\/wp-json\/wp\/v2\/types\/post"}],"author":[{"embeddable":true,"href":"https:\/\/nvnoticias.mx\/index.php\/wp-json\/wp\/v2\/users\/8"}],"replies":[{"embeddable":true,"href":"https:\/\/nvnoticias.mx\/index.php\/wp-json\/wp\/v2\/comments?post=137811"}],"version-history":[{"count":1,"href":"https:\/\/nvnoticias.mx\/index.php\/wp-json\/wp\/v2\/posts\/137811\/revisions"}],"predecessor-version":[{"id":137814,"href":"https:\/\/nvnoticias.mx\/index.php\/wp-json\/wp\/v2\/posts\/137811\/revisions\/137814"}],"wp:featuredmedia":[{"embeddable":true,"href":"https:\/\/nvnoticias.mx\/index.php\/wp-json\/wp\/v2\/media\/10916"}],"wp:attachment":[{"href":"https:\/\/nvnoticias.mx\/index.php\/wp-json\/wp\/v2\/media?parent=137811"}],"wp:term":[{"taxonomy":"category","embeddable":true,"href":"https:\/\/nvnoticias.mx\/index.php\/wp-json\/wp\/v2\/categories?post=137811"},{"taxonomy":"post_tag","embeddable":true,"href":"https:\/\/nvnoticias.mx\/index.php\/wp-json\/wp\/v2\/tags?post=137811"}],"curies":[{"name":"wp","href":"https:\/\/api.w.org\/{rel}","templated":true}]}}