{"id":137689,"date":"2024-01-31T15:41:09","date_gmt":"2024-01-31T21:41:09","guid":{"rendered":"https:\/\/nvnoticias.mx\/?p=137689"},"modified":"2024-01-31T15:41:11","modified_gmt":"2024-01-31T21:41:11","slug":"fed-bajara-los-tipos-de-interes-en-algun-momento-de-este-ano-jerome-powell","status":"publish","type":"post","link":"https:\/\/nvnoticias.mx\/index.php\/2024\/01\/31\/fed-bajara-los-tipos-de-interes-en-algun-momento-de-este-ano-jerome-powell\/","title":{"rendered":"Fed bajar\u00e1 los tipos de inter\u00e9s &#8220;en alg\u00fan momento de este a\u00f1o&#8221;: Jerome Powell"},"content":{"rendered":"\n<p>El presidente de la&nbsp;<strong>Reserva Federal&nbsp;<\/strong>(<strong>Fed<\/strong>), Jerome Powell, dijo que si la econom\u00eda evoluciona &#8220;en t\u00e9rminos generales como se espera&#8221;, probablemente ser\u00e1 apropiado comenzar a&nbsp;<strong>bajar los tipos de inter\u00e9s&nbsp;<\/strong>&#8220;en alg\u00fan momento de este a\u00f1o&#8221;.<\/p>\n\n\n\n<blockquote class=\"wp-block-quote is-layout-flow wp-block-quote-is-layout-flow\"><p>&#8220;Creemos que nuestra tasa de pol\u00edtica probablemente est\u00e9 en su punto m\u00e1ximo para este ciclo de ajuste&#8221;, apunt\u00f3 minutos despu\u00e9s de que la&nbsp;<strong>Fed<\/strong>&nbsp;anunciara que&nbsp;<strong>mantiene las tasas de inter\u00e9s<\/strong>&nbsp;en su rango actual y que no espera que sea apropiado reducir el rango objetivo hasta estar seguros de que la&nbsp;<strong>inflaci\u00f3n&nbsp;<\/strong>se est\u00e1 moviendo de manera sostenible hacia el 2%.<\/p><\/blockquote>\n\n\n\n<p>El banco central estadounidense decidi\u00f3 mantener los tipos en la horquilla del 5.25% y el 5.5%, su m\u00e1ximo nivel desde 2001.<\/p>\n\n\n\n<blockquote class=\"wp-block-quote is-layout-flow wp-block-quote-is-layout-flow\"><p>&#8220;Las perspectivas econ\u00f3micas son inciertas y seguimos muy atentos a los riesgos de inflaci\u00f3n&#8221;, apunt\u00f3 Powell, quien detall\u00f3 que el regulador continuar\u00e1 tomando sus decisiones &#8220;reuni\u00f3n tras reuni\u00f3n&#8221;.<\/p><\/blockquote>\n\n\n\n<p>El presidente de la Fed afirm\u00f3 que no necesitan &#8220;datos mejores&#8221; sino &#8220;la continuaci\u00f3n de los buenos datos que hemos estado viendo&#8221;.<\/p>\n\n\n\n<blockquote class=\"wp-block-quote is-layout-flow wp-block-quote-is-layout-flow\"><p>&#8220;Tenemos seis meses de buenos datos de inflaci\u00f3n, la pregunta realmente es: seis meses de buenos datos de inflaci\u00f3n \u00bfnos est\u00e1n enviando una verdadera se\u00f1al de que, de hecho, estamos en un camino sostenible hacia una inflaci\u00f3n del 2 %? Esa es la pregunta y la respuesta vendr\u00e1 con m\u00e1s datos&#8221;, insisti\u00f3.<\/p><\/blockquote>\n\n\n\n<p>La Fed es consciente, a\u00f1adi\u00f3, de que &#8220;reducir los tipos demasiado pronto o demasiado podr\u00eda dar lugar a una reversi\u00f3n del progreso&#8221; y derivar\u00eda en &#8220;una pol\u00edtica m\u00e1s estricta para que la inflaci\u00f3n vuelva al 2%&#8221;.<\/p>\n\n\n\n<p>En el comunicado publicado por la Fed, el regulador explica que las evaluaciones del Comit\u00e9 tendr\u00e1n en cuenta una amplia gama de informaci\u00f3n, incluidas lecturas sobre las condiciones del mercado laboral, presiones inflacionarias y expectativas de inflaci\u00f3n, y acontecimientos financieros e internacionales.<\/p>\n\n\n\n<p>Fuente: <a href=\"https:\/\/www.eluniversal.com.mx\/mundo\/fed-bajara-los-tipos-de-interes-en-algun-momento-de-este-ano-afirma-jerome-powell\/\" data-type=\"URL\" data-id=\"https:\/\/www.eluniversal.com.mx\/mundo\/fed-bajara-los-tipos-de-interes-en-algun-momento-de-este-ano-afirma-jerome-powell\/\">El Universal<\/a> <\/p>\n","protected":false},"excerpt":{"rendered":"<p>El presidente de la&nbsp;Reserva Federal&nbsp;(Fed), Jerome Powell, dijo que si la econom\u00eda evoluciona &#8220;en t\u00e9rminos generales como se espera&#8221;, probablemente ser\u00e1 apropiado comenzar a&nbsp;bajar los tipos de inter\u00e9s&nbsp;&#8220;en alg\u00fan momento de este a\u00f1o&#8221;. &#8220;Creemos que nuestra tasa de pol\u00edtica probablemente est\u00e9 en su punto m\u00e1ximo para este ciclo de ajuste&#8221;, apunt\u00f3 minutos despu\u00e9s de que [&hellip;]<\/p>\n","protected":false},"author":35,"featured_media":31638,"comment_status":"open","ping_status":"open","sticky":false,"template":"","format":"standard","meta":{"_monsterinsights_skip_tracking":false,"_monsterinsights_sitenote_active":false,"_monsterinsights_sitenote_note":"","_monsterinsights_sitenote_category":0,"footnotes":""},"categories":[181],"tags":[6327,7322],"class_list":["post-137689","post","type-post","status-publish","format-standard","has-post-thumbnail","hentry","category-internacional","tag-interes","tag-jerome-powell","wp-image-borders"],"amp_enabled":true,"_links":{"self":[{"href":"https:\/\/nvnoticias.mx\/index.php\/wp-json\/wp\/v2\/posts\/137689","targetHints":{"allow":["GET"]}}],"collection":[{"href":"https:\/\/nvnoticias.mx\/index.php\/wp-json\/wp\/v2\/posts"}],"about":[{"href":"https:\/\/nvnoticias.mx\/index.php\/wp-json\/wp\/v2\/types\/post"}],"author":[{"embeddable":true,"href":"https:\/\/nvnoticias.mx\/index.php\/wp-json\/wp\/v2\/users\/35"}],"replies":[{"embeddable":true,"href":"https:\/\/nvnoticias.mx\/index.php\/wp-json\/wp\/v2\/comments?post=137689"}],"version-history":[{"count":3,"href":"https:\/\/nvnoticias.mx\/index.php\/wp-json\/wp\/v2\/posts\/137689\/revisions"}],"predecessor-version":[{"id":137692,"href":"https:\/\/nvnoticias.mx\/index.php\/wp-json\/wp\/v2\/posts\/137689\/revisions\/137692"}],"wp:featuredmedia":[{"embeddable":true,"href":"https:\/\/nvnoticias.mx\/index.php\/wp-json\/wp\/v2\/media\/31638"}],"wp:attachment":[{"href":"https:\/\/nvnoticias.mx\/index.php\/wp-json\/wp\/v2\/media?parent=137689"}],"wp:term":[{"taxonomy":"category","embeddable":true,"href":"https:\/\/nvnoticias.mx\/index.php\/wp-json\/wp\/v2\/categories?post=137689"},{"taxonomy":"post_tag","embeddable":true,"href":"https:\/\/nvnoticias.mx\/index.php\/wp-json\/wp\/v2\/tags?post=137689"}],"curies":[{"name":"wp","href":"https:\/\/api.w.org\/{rel}","templated":true}]}}