{"id":137654,"date":"2024-01-31T11:42:30","date_gmt":"2024-01-31T17:42:30","guid":{"rendered":"https:\/\/nvnoticias.mx\/?p=137654"},"modified":"2024-01-31T11:42:32","modified_gmt":"2024-01-31T17:42:32","slug":"exhortan-lideres-de-la-ue-a-aliados-a-aumentar-el-apoyo-militar-a-ucrania","status":"publish","type":"post","link":"https:\/\/nvnoticias.mx\/index.php\/2024\/01\/31\/exhortan-lideres-de-la-ue-a-aliados-a-aumentar-el-apoyo-militar-a-ucrania\/","title":{"rendered":"Exhortan l\u00edderes de la UE a aliados a aumentar el apoyo militar a Ucrania"},"content":{"rendered":"\n<p>L\u00edderes europeos instaron este mi\u00e9rcoles a sus vecinos y aliados a aumentar el apoyo militar a Kiev, mientras que se inform\u00f3 que&nbsp;<strong>Rusia&nbsp;<\/strong>y&nbsp;<strong>Ucrania<\/strong>&nbsp;<strong>intercambiaron 195 prisioneros de guerra cada uno<\/strong>.<\/p>\n\n\n\n<p>Hace apenas una semana, Mosc\u00fa aleg\u00f3 que las fuerzas ucranianas derribaron un avi\u00f3n militar que transportaba prisioneros de guerra ucranianos que iban a ser intercambiados por prisioneros de guerra rusos.<\/p>\n\n\n\n<p>El Ministerio de Defensa de Rusia dijo que misiles disparados desde el otro lado de la frontera derribaron el avi\u00f3n militar en la regi\u00f3n rusa de Belgorod el 24 de enero. Las autoridades en Belgorod, fronteriza con Ucrania, dijeron que el accidente&nbsp;<strong>mat\u00f3 a las 74 personas a bordo, incluidos seis miembros de la tripulaci\u00f3n y tres militares rusos<\/strong>.<\/p>\n\n\n\n<p>Los funcionarios ucranianos confirmaron la semana pasada que ese d\u00eda se iba a realizar un intercambio de prisioneros, pero dijeron que hab\u00eda sido cancelado.<\/p>\n\n\n\n<p>Por otra parte, los l\u00edderes de cinco pa\u00edses de la&nbsp;<strong>Uni\u00f3n Europea<\/strong>&nbsp;instaron a aumentar el apoyo militar a Ucrania, mientras los ministros de defensa del bloque debatieron formas de hacer frente a la escasez de municiones de ese pa\u00eds.<\/p>\n\n\n\n<p>En su llamamiento, los l\u00edderes de la Rep\u00fablica Checa, Dinamarca, Estonia, Alemania y Holanda advirtieron que la seguridad de Europa est\u00e1 ligada a los combates que comenzaron hace casi dos a\u00f1os con la<strong>&nbsp;invasi\u00f3n rusa<\/strong>&nbsp;de su vecino.<\/p>\n\n\n\n<blockquote class=\"wp-block-quote is-layout-flow wp-block-quote-is-layout-flow\"><p>\u201cNuestra capacidad para seguir apoyando y sosteniendo la defensa de Ucrania, tanto durante el invierno como a largo plazo, es decisiva\u201d, escribieron en el peri\u00f3dico Financial Times. \u201cDe hecho, es una cuesti\u00f3n de nuestra seguridad europea com\u00fan\u201d.<\/p><\/blockquote>\n\n\n\n<p>Sin que los ej\u00e9rcitos de Mosc\u00fa o Kiev muestren alguna ventaja en el conflicto, crecen los temores de que el apoyo p\u00fablico a Ucrania comience a menguar. Los l\u00edderes de la OTAN y de la Uni\u00f3n Europea \u2014de los principales partidarios de Ucrania\u2014 han pasado de elogiar los triunfos de ese pa\u00eds en el campo de batalla a celebrar su capacidad de sobrevivir contra un enemigo m\u00e1s poderoso.<\/p>\n\n\n\n<p>Fuente: <a href=\"https:\/\/www.eluniversal.com.mx\/mundo\/lideres-de-la-ue-exhortan-a-aliados-a-aumentar-el-apoyo-militar-a-ucrania\/\" data-type=\"URL\" data-id=\"https:\/\/www.eluniversal.com.mx\/mundo\/lideres-de-la-ue-exhortan-a-aliados-a-aumentar-el-apoyo-militar-a-ucrania\/\">El Universal<\/a> <\/p>\n","protected":false},"excerpt":{"rendered":"<p>L\u00edderes europeos instaron este mi\u00e9rcoles a sus vecinos y aliados a aumentar el apoyo militar a Kiev, mientras que se inform\u00f3 que&nbsp;Rusia&nbsp;y&nbsp;Ucrania&nbsp;intercambiaron 195 prisioneros de guerra cada uno. Hace apenas una semana, Mosc\u00fa aleg\u00f3 que las fuerzas ucranianas derribaron un avi\u00f3n militar que transportaba prisioneros de guerra ucranianos que iban a ser intercambiados por prisioneros [&hellip;]<\/p>\n","protected":false},"author":35,"featured_media":49047,"comment_status":"open","ping_status":"open","sticky":false,"template":"","format":"standard","meta":{"_monsterinsights_skip_tracking":false,"_monsterinsights_sitenote_active":false,"_monsterinsights_sitenote_note":"","_monsterinsights_sitenote_category":0,"footnotes":""},"categories":[181],"tags":[20236,9313,5041],"class_list":["post-137654","post","type-post","status-publish","format-standard","has-post-thumbnail","hentry","category-internacional","tag-exhortan","tag-lideres","tag-ucrania","wp-image-borders"],"amp_enabled":true,"_links":{"self":[{"href":"https:\/\/nvnoticias.mx\/index.php\/wp-json\/wp\/v2\/posts\/137654","targetHints":{"allow":["GET"]}}],"collection":[{"href":"https:\/\/nvnoticias.mx\/index.php\/wp-json\/wp\/v2\/posts"}],"about":[{"href":"https:\/\/nvnoticias.mx\/index.php\/wp-json\/wp\/v2\/types\/post"}],"author":[{"embeddable":true,"href":"https:\/\/nvnoticias.mx\/index.php\/wp-json\/wp\/v2\/users\/35"}],"replies":[{"embeddable":true,"href":"https:\/\/nvnoticias.mx\/index.php\/wp-json\/wp\/v2\/comments?post=137654"}],"version-history":[{"count":3,"href":"https:\/\/nvnoticias.mx\/index.php\/wp-json\/wp\/v2\/posts\/137654\/revisions"}],"predecessor-version":[{"id":137657,"href":"https:\/\/nvnoticias.mx\/index.php\/wp-json\/wp\/v2\/posts\/137654\/revisions\/137657"}],"wp:featuredmedia":[{"embeddable":true,"href":"https:\/\/nvnoticias.mx\/index.php\/wp-json\/wp\/v2\/media\/49047"}],"wp:attachment":[{"href":"https:\/\/nvnoticias.mx\/index.php\/wp-json\/wp\/v2\/media?parent=137654"}],"wp:term":[{"taxonomy":"category","embeddable":true,"href":"https:\/\/nvnoticias.mx\/index.php\/wp-json\/wp\/v2\/categories?post=137654"},{"taxonomy":"post_tag","embeddable":true,"href":"https:\/\/nvnoticias.mx\/index.php\/wp-json\/wp\/v2\/tags?post=137654"}],"curies":[{"name":"wp","href":"https:\/\/api.w.org\/{rel}","templated":true}]}}