{"id":137549,"date":"2024-01-30T18:09:02","date_gmt":"2024-01-31T00:09:02","guid":{"rendered":"https:\/\/nvnoticias.mx\/?p=137549"},"modified":"2024-01-30T18:09:04","modified_gmt":"2024-01-31T00:09:04","slug":"no-hay-solicitud-en-la-fmf-para-que-haya-futbol-en-veracruz","status":"publish","type":"post","link":"https:\/\/nvnoticias.mx\/index.php\/2024\/01\/30\/no-hay-solicitud-en-la-fmf-para-que-haya-futbol-en-veracruz\/","title":{"rendered":"No hay solicitud en la FMF para que haya futbol en Veracruz"},"content":{"rendered":"\n<p>El futbol en Veracruz es un tema en boga para el Puerto, pues no hay alguna solicitud en la FMF para que un nuevo equipo pueda llegar a la Liga MX o Liga Expansi\u00f3n, ya que no hay estadio.<\/p>\n\n\n\n<p>El tiempo del t\u00e9rmino de la remodelaci\u00f3n es hasta octubre y, sobre todo, porque en la Federaci\u00f3n Mexicana, no existe una solicitud para que haya un nuevo equipo.<\/p>\n\n\n\n<p>Ahora el periodista Luis Castillo, por medio de su columna en el Diario R\u00e9cord, reafirma esta situaci\u00f3n. No hay solicitud alguna para que en Veracruz haya un nuevo equipo.<\/p>\n\n\n\n<figure class=\"wp-block-embed aligncenter is-type-rich is-provider-twitter wp-block-embed-twitter\"><div class=\"wp-block-embed__wrapper\">\n<blockquote class=\"twitter-tweet\" data-width=\"550\" data-dnt=\"true\"><p lang=\"es\" dir=\"ltr\">Tiburones Rojos de Veracruz \u00bfSe repite la historia? ????<br><br>Nuestro colaborador <a href=\"https:\/\/twitter.com\/mluiscastillo?ref_src=twsrc%5Etfw\">@mluiscastillo<\/a>, nos cuenta en su columna de hoy en R\u00c9CORD todo lo que acontece en el Puerto, en d\u00f3nde aseguran ya tienen amarrado una plaza de Liga MX; sin embargo, en la FMF no hay  ninguna solicitud ,\u2026 <a href=\"https:\/\/t.co\/UYLTG8XqDY\">pic.twitter.com\/UYLTG8XqDY<\/a><\/p>&mdash; DIARIO R\u00c9CORD (@record_mexico) <a href=\"https:\/\/twitter.com\/record_mexico\/status\/1752374087769272383?ref_src=twsrc%5Etfw\">January 30, 2024<\/a><\/blockquote><script async src=\"https:\/\/platform.twitter.com\/widgets.js\" charset=\"utf-8\"><\/script>\n<\/div><\/figure>\n","protected":false},"excerpt":{"rendered":"<p>El futbol en Veracruz es un tema en boga para el Puerto, pues no hay alguna solicitud en la FMF para que un nuevo equipo pueda llegar a la Liga MX o Liga Expansi\u00f3n, ya que no hay estadio. El tiempo del t\u00e9rmino de la remodelaci\u00f3n es hasta octubre y, sobre todo, porque en la [&hellip;]<\/p>\n","protected":false},"author":8,"featured_media":135955,"comment_status":"open","ping_status":"open","sticky":false,"template":"","format":"standard","meta":{"_monsterinsights_skip_tracking":false,"_monsterinsights_sitenote_active":false,"_monsterinsights_sitenote_note":"","_monsterinsights_sitenote_category":0,"footnotes":""},"categories":[159],"tags":[2633,11062,29153],"class_list":["post-137549","post","type-post","status-publish","format-standard","has-post-thumbnail","hentry","category-deportes","tag-fmf","tag-solicitud","tag-veracruz-fc","wp-image-borders"],"amp_enabled":true,"_links":{"self":[{"href":"https:\/\/nvnoticias.mx\/index.php\/wp-json\/wp\/v2\/posts\/137549","targetHints":{"allow":["GET"]}}],"collection":[{"href":"https:\/\/nvnoticias.mx\/index.php\/wp-json\/wp\/v2\/posts"}],"about":[{"href":"https:\/\/nvnoticias.mx\/index.php\/wp-json\/wp\/v2\/types\/post"}],"author":[{"embeddable":true,"href":"https:\/\/nvnoticias.mx\/index.php\/wp-json\/wp\/v2\/users\/8"}],"replies":[{"embeddable":true,"href":"https:\/\/nvnoticias.mx\/index.php\/wp-json\/wp\/v2\/comments?post=137549"}],"version-history":[{"count":1,"href":"https:\/\/nvnoticias.mx\/index.php\/wp-json\/wp\/v2\/posts\/137549\/revisions"}],"predecessor-version":[{"id":137550,"href":"https:\/\/nvnoticias.mx\/index.php\/wp-json\/wp\/v2\/posts\/137549\/revisions\/137550"}],"wp:featuredmedia":[{"embeddable":true,"href":"https:\/\/nvnoticias.mx\/index.php\/wp-json\/wp\/v2\/media\/135955"}],"wp:attachment":[{"href":"https:\/\/nvnoticias.mx\/index.php\/wp-json\/wp\/v2\/media?parent=137549"}],"wp:term":[{"taxonomy":"category","embeddable":true,"href":"https:\/\/nvnoticias.mx\/index.php\/wp-json\/wp\/v2\/categories?post=137549"},{"taxonomy":"post_tag","embeddable":true,"href":"https:\/\/nvnoticias.mx\/index.php\/wp-json\/wp\/v2\/tags?post=137549"}],"curies":[{"name":"wp","href":"https:\/\/api.w.org\/{rel}","templated":true}]}}