{"id":137427,"date":"2024-01-30T09:49:32","date_gmt":"2024-01-30T15:49:32","guid":{"rendered":"https:\/\/nvnoticias.mx\/?p=137427"},"modified":"2024-01-30T09:49:33","modified_gmt":"2024-01-30T15:49:33","slug":"variante-jn-1-de-covid-19-predomina-por-encima-de-influenza-y-vsr","status":"publish","type":"post","link":"https:\/\/nvnoticias.mx\/index.php\/2024\/01\/30\/variante-jn-1-de-covid-19-predomina-por-encima-de-influenza-y-vsr\/","title":{"rendered":"Variante JN.1 de Covid-19 predomina, por encima de influenza y VSR"},"content":{"rendered":"\n<p>La\u00a0variante JN.1 de COVID, conocida como Pirola, se convirti\u00f3 en el virus de mayor circulaci\u00f3n en el pa\u00eds en las \u00faltimas semanas, coloc\u00e1ndose por encima del Virus Sincitial Respiratorio (VSR) y el de la Influenza, inform\u00f3 el subsecretario de Salud, Ruy L\u00f3pez Ridaura.<\/p>\n\n\n\n<p>Al principio de la temporada invernal, el virus de la influenza y el VSR predominaban en el pa\u00eds, pero la situaci\u00f3n cambi\u00f3 en las \u00faltimas dos semanas epidemiol\u00f3gicas, como puede observarse en la gr\u00e1fica.<\/p>\n\n\n\n<p>A pesar del repunte de casos COVID provocado por la variante, L\u00f3pez Ridaura aclar\u00f3 que hay una amplia disponibilidad de camas para los pacientes infectados.<\/p>\n\n\n\n<p>Hasta el 26 de enero, la Red IRAG report\u00f3 215 camas generales ocupadas de 3 mil 899 que se encuentran en todo el pa\u00eds, lo que equivale al&nbsp;<strong>6 por ciento de ocupaci\u00f3n<\/strong>. En cuanto a camas con ventilador, se reportaron 24 ocupadas de 2 mil 85, lo que equivale al&nbsp;<strong>1 por ciento de ocupaci\u00f3n<\/strong>.<\/p>\n\n\n\n<p>Sobre la vacuna Patria, el funcionario estim\u00f3 que\u00a0<strong>comenzar\u00e1 a aplicarse hasta la pr\u00f3xima temporada invernal\u00a0<\/strong>y mencion\u00f3 que hay suficientes dosis de Abdala y Sputnik para cubrir la actual. Aun as\u00ed, se dar\u00e1 seguimiento a la situaci\u00f3n para evaluar si se debe comenzar a aplicar despu\u00e9s de la temporada de fr\u00edo.<\/p>\n\n\n\n<p>Fuente: <a href=\"https:\/\/www.elfinanciero.com.mx\/nacional\/2024\/01\/30\/conferencia-mananera-de-amlo-hoy-30-de-enero-siguela-aqui-en-vivo\/?outputType=amp\" data-type=\"URL\" data-id=\"https:\/\/www.elfinanciero.com.mx\/nacional\/2024\/01\/30\/conferencia-mananera-de-amlo-hoy-30-de-enero-siguela-aqui-en-vivo\/?outputType=amp\">El Financiero<\/a> <\/p>\n","protected":false},"excerpt":{"rendered":"<p>La\u00a0variante JN.1 de COVID, conocida como Pirola, se convirti\u00f3 en el virus de mayor circulaci\u00f3n en el pa\u00eds en las \u00faltimas semanas, coloc\u00e1ndose por encima del Virus Sincitial Respiratorio (VSR) y el de la Influenza, inform\u00f3 el subsecretario de Salud, Ruy L\u00f3pez Ridaura. Al principio de la temporada invernal, el virus de la influenza y [&hellip;]<\/p>\n","protected":false},"author":35,"featured_media":54696,"comment_status":"open","ping_status":"open","sticky":false,"template":"","format":"standard","meta":{"_monsterinsights_skip_tracking":false,"_monsterinsights_sitenote_active":false,"_monsterinsights_sitenote_note":"","_monsterinsights_sitenote_category":0,"footnotes":""},"categories":[157],"tags":[175,6356,1336,29198],"class_list":["post-137427","post","type-post","status-publish","format-standard","has-post-thumbnail","hentry","category-nacional","tag-covid-19","tag-influenza","tag-variante","tag-vsr","wp-image-borders"],"amp_enabled":true,"_links":{"self":[{"href":"https:\/\/nvnoticias.mx\/index.php\/wp-json\/wp\/v2\/posts\/137427","targetHints":{"allow":["GET"]}}],"collection":[{"href":"https:\/\/nvnoticias.mx\/index.php\/wp-json\/wp\/v2\/posts"}],"about":[{"href":"https:\/\/nvnoticias.mx\/index.php\/wp-json\/wp\/v2\/types\/post"}],"author":[{"embeddable":true,"href":"https:\/\/nvnoticias.mx\/index.php\/wp-json\/wp\/v2\/users\/35"}],"replies":[{"embeddable":true,"href":"https:\/\/nvnoticias.mx\/index.php\/wp-json\/wp\/v2\/comments?post=137427"}],"version-history":[{"count":2,"href":"https:\/\/nvnoticias.mx\/index.php\/wp-json\/wp\/v2\/posts\/137427\/revisions"}],"predecessor-version":[{"id":137429,"href":"https:\/\/nvnoticias.mx\/index.php\/wp-json\/wp\/v2\/posts\/137427\/revisions\/137429"}],"wp:featuredmedia":[{"embeddable":true,"href":"https:\/\/nvnoticias.mx\/index.php\/wp-json\/wp\/v2\/media\/54696"}],"wp:attachment":[{"href":"https:\/\/nvnoticias.mx\/index.php\/wp-json\/wp\/v2\/media?parent=137427"}],"wp:term":[{"taxonomy":"category","embeddable":true,"href":"https:\/\/nvnoticias.mx\/index.php\/wp-json\/wp\/v2\/categories?post=137427"},{"taxonomy":"post_tag","embeddable":true,"href":"https:\/\/nvnoticias.mx\/index.php\/wp-json\/wp\/v2\/tags?post=137427"}],"curies":[{"name":"wp","href":"https:\/\/api.w.org\/{rel}","templated":true}]}}