{"id":137343,"date":"2024-01-29T13:42:17","date_gmt":"2024-01-29T19:42:17","guid":{"rendered":"https:\/\/nvnoticias.mx\/?p=137343"},"modified":"2024-01-29T13:42:18","modified_gmt":"2024-01-29T19:42:18","slug":"cate-blanchett-y-michael-fassbender-protagonizaran-un-nuevo-thriller-de-espionaje","status":"publish","type":"post","link":"https:\/\/nvnoticias.mx\/index.php\/2024\/01\/29\/cate-blanchett-y-michael-fassbender-protagonizaran-un-nuevo-thriller-de-espionaje\/","title":{"rendered":"Cate Blanchett y Michael Fassbender protagonizar\u00e1n un nuevo thriller de espionaje"},"content":{"rendered":"\n<p><strong>Cate Blanchett<\/strong>&nbsp;y&nbsp;<strong>Michael Fassbender<\/strong>&nbsp;formar\u00e1n equipo en&nbsp;<strong>&#8216;Black Bag&#8217;<\/strong>, el nuevo&nbsp;<strong>thriller de esp\u00edas<\/strong>&nbsp;de&nbsp;<strong>Steven Soderbergh<\/strong>.<\/p>\n\n\n\n<p>Seg\u00fan&nbsp;&#8216;The Hollywood Reporter&#8217;, la pel\u00edcula estar\u00e1 escrita por David Koepp, que ya colabor\u00f3 con el director en &#8216;Kimi&#8217;, estrenada en 2022 y que puedes ver en Espa\u00f1a en&nbsp;HBO Max.<\/p>\n\n\n\n<p>Como los detalles de la trama son por el momento escasos, se desconoce a qui\u00e9n interpretar\u00e1n Blanchett o Fassbender, aunque el informe se\u00f1ala que&nbsp;<strong>el rodaje comenzar\u00e1 en Londres en mayo<\/strong>.<\/p>\n\n\n\n<p>El proyecto llega meses despu\u00e9s de que se anunciara a Blanchett como protagonista de&nbsp;<strong>&#8216;Rumours&#8217;<\/strong>, el nuevo largometraje de Guy Maddin. Al parecer, la pel\u00edcula seguir\u00e1 a varios l\u00edderes mundiales en su lucha por preparar una declaraci\u00f3n en el G7, con un reparto que incluye a&nbsp;<strong>C<\/strong><strong>harles Dance<\/strong>&nbsp;y&nbsp;<strong>Alicia Vikander<\/strong>.<\/p>\n\n\n\n<p>Blanchett tambi\u00e9n participar\u00e1 en\u00a0<strong>&#8216;Borderlands&#8217;<\/strong>, la adaptaci\u00f3n de la serie de videojuegos, en la que interpretar\u00e1 a Lilith junto a\u00a0<strong>Kevin Hart<\/strong>,\u00a0<strong>Jack Black<\/strong>,\u00a0<strong>Jamie Lee Curtis<\/strong>\u00a0y\u00a0<strong>Ariana Greenblatt<\/strong>. <\/p>\n","protected":false},"excerpt":{"rendered":"<p>Cate Blanchett&nbsp;y&nbsp;Michael Fassbender&nbsp;formar\u00e1n equipo en&nbsp;&#8216;Black Bag&#8217;, el nuevo&nbsp;thriller de esp\u00edas&nbsp;de&nbsp;Steven Soderbergh. Seg\u00fan&nbsp;&#8216;The Hollywood Reporter&#8217;, la pel\u00edcula estar\u00e1 escrita por David Koepp, que ya colabor\u00f3 con el director en &#8216;Kimi&#8217;, estrenada en 2022 y que puedes ver en Espa\u00f1a en&nbsp;HBO Max. Como los detalles de la trama son por el momento escasos, se desconoce a qui\u00e9n [&hellip;]<\/p>\n","protected":false},"author":35,"featured_media":137351,"comment_status":"open","ping_status":"open","sticky":false,"template":"","format":"standard","meta":{"_monsterinsights_skip_tracking":false,"_monsterinsights_sitenote_active":false,"_monsterinsights_sitenote_note":"","_monsterinsights_sitenote_category":0,"footnotes":""},"categories":[576],"tags":[9806,29189,29190,140],"class_list":["post-137343","post","type-post","status-publish","format-standard","has-post-thumbnail","hentry","category-ocio","tag-cate-blanchett","tag-michael-fassbender","tag-protsgonizaran","tag-thriller","wp-image-borders"],"amp_enabled":true,"_links":{"self":[{"href":"https:\/\/nvnoticias.mx\/index.php\/wp-json\/wp\/v2\/posts\/137343","targetHints":{"allow":["GET"]}}],"collection":[{"href":"https:\/\/nvnoticias.mx\/index.php\/wp-json\/wp\/v2\/posts"}],"about":[{"href":"https:\/\/nvnoticias.mx\/index.php\/wp-json\/wp\/v2\/types\/post"}],"author":[{"embeddable":true,"href":"https:\/\/nvnoticias.mx\/index.php\/wp-json\/wp\/v2\/users\/35"}],"replies":[{"embeddable":true,"href":"https:\/\/nvnoticias.mx\/index.php\/wp-json\/wp\/v2\/comments?post=137343"}],"version-history":[{"count":5,"href":"https:\/\/nvnoticias.mx\/index.php\/wp-json\/wp\/v2\/posts\/137343\/revisions"}],"predecessor-version":[{"id":137352,"href":"https:\/\/nvnoticias.mx\/index.php\/wp-json\/wp\/v2\/posts\/137343\/revisions\/137352"}],"wp:featuredmedia":[{"embeddable":true,"href":"https:\/\/nvnoticias.mx\/index.php\/wp-json\/wp\/v2\/media\/137351"}],"wp:attachment":[{"href":"https:\/\/nvnoticias.mx\/index.php\/wp-json\/wp\/v2\/media?parent=137343"}],"wp:term":[{"taxonomy":"category","embeddable":true,"href":"https:\/\/nvnoticias.mx\/index.php\/wp-json\/wp\/v2\/categories?post=137343"},{"taxonomy":"post_tag","embeddable":true,"href":"https:\/\/nvnoticias.mx\/index.php\/wp-json\/wp\/v2\/tags?post=137343"}],"curies":[{"name":"wp","href":"https:\/\/api.w.org\/{rel}","templated":true}]}}