{"id":137315,"date":"2024-01-29T13:05:51","date_gmt":"2024-01-29T19:05:51","guid":{"rendered":"https:\/\/nvnoticias.mx\/?p=137315"},"modified":"2024-01-29T13:05:53","modified_gmt":"2024-01-29T19:05:53","slug":"obtiene-putin-candidatura-y-abre-su-campana-de-reeleccion-en-rusia","status":"publish","type":"post","link":"https:\/\/nvnoticias.mx\/index.php\/2024\/01\/29\/obtiene-putin-candidatura-y-abre-su-campana-de-reeleccion-en-rusia\/","title":{"rendered":"Obtiene Putin candidatura y abre su campa\u00f1a de reelecci\u00f3n en Rusia"},"content":{"rendered":"\n<p>El l\u00edder ruso,&nbsp;Vlad\u00edmir Putin, abri\u00f3 hoy su campa\u00f1a de reelecci\u00f3n al ser registrado como candidato presidencial, lo que le permitir\u00e1&nbsp;<strong>optar el 17 de marzo a un quinto mandato de seis a\u00f1os<\/strong>&nbsp;al frente del Kremlin.<\/p>\n\n\n\n<blockquote class=\"wp-block-quote is-layout-flow wp-block-quote-is-layout-flow\"><p>\u201cEl candidato est\u00e1 registrado. Arrancamos una activa campa\u00f1a de propaganda electoral\u201d, asegur\u00f3 V\u00edctor Blazh\u00e9ev, portavoz del grupo de apoyo al candidato oficialista.<\/p><\/blockquote>\n\n\n\n<p>La \u00fanica intriga a falta de tres d\u00edas para el fin del proceso de registro es si el liberal&nbsp;<strong>Boris Nadezhdin<\/strong>,&nbsp;el \u00fanico aspirante que aboga por la paz en Ucrania, recibir\u00e1 el visto bueno de la Comisi\u00f3n Electoral Central (CEC).<\/p>\n\n\n\n<p>Aunque asegur\u00f3 en numerosas ocasiones que nunca lo har\u00eda, Putin reform\u00f3 la Constituci\u00f3n en 2020 para poder presentarse a la reelecci\u00f3n, algo que podr\u00e1 volver a hacer dentro de seis a\u00f1os y, de esa forma,&nbsp;<strong>permanecer en el Kremlin hasta 2036<\/strong>.<\/p>\n\n\n\n<hr class=\"wp-block-separator\"\/>\n\n\n\n<p>Putin, de 71 a\u00f1os y cuya gesti\u00f3n es\u00a0<strong>aprobada por el 80 por ciento de los rusos<\/strong>, seg\u00fan las encuestas oficiales,\u00a0deber\u00eda ganar las elecciones con m\u00e1s votos que en 2018, cuando sum\u00f3 m\u00e1s del 76 por ciento de los sufragios.<\/p>\n\n\n\n<p>Con una precisi\u00f3n de reloj suizo y para despejar cualquier sombra de duda, la CEC anunci\u00f3 que hab\u00eda registrado al candidato Putin \u201ca las 11 horas y 23 minutos\u201d del lunes.<\/p>\n\n\n\n<p>La comisi\u00f3n electoral, que tambi\u00e9n destac\u00f3 la fecha de nacimiento del presidente (1952), precis\u00f3 que solo hab\u00eda detectado un 0.15 por ciento de firmas inv\u00e1lidas (91) -el m\u00e1ximo permitido es el 5 por ciento- entre las 60 mil analizadas. \u201cEs una cifra insignificante\u201d, se\u00f1al\u00f3.<\/p>\n\n\n\n<p>El equipo de Putin inform\u00f3 hace d\u00edas que hab\u00eda recolectado m\u00e1s de dos millones de signaturas, aunque solo necesitaba 300 mil, lo que fue puesto en entredicho por la oposici\u00f3n, que adujo que&nbsp;<strong>nadie ha visto colas frente a las sedes de la administraci\u00f3n presidencial en todo el pa\u00eds<\/strong>.<\/p>\n\n\n\n<p>Aunque concurre como independiente, el presidente cont\u00f3 con el respaldo del partido del Kremlin, Rusia Unida, con las organizaciones de voluntarios y con toda la m\u00e1quina burocr\u00e1tica de los Gobiernos regionales.<\/p>\n\n\n\n<p>Adem\u00e1s, la CEC registr\u00f3 a 198 apoderados de Putin, entre los que figuran famosos actores, cantantes, artistas y periodistas, adem\u00e1s del presidente del consorcio gas\u00edstico Gazprom, Alex\u00e9i Miller.<\/p>\n\n\n\n<p>Fuente:<a href=\"https:\/\/www.elfinanciero.com.mx\/mundo\/2024\/01\/29\/es-oficial-putin-obtiene-candidatura-y-abre-su-campana-de-reeleccion-en-rusia\/\" data-type=\"URL\" data-id=\"https:\/\/www.elfinanciero.com.mx\/mundo\/2024\/01\/29\/es-oficial-putin-obtiene-candidatura-y-abre-su-campana-de-reeleccion-en-rusia\/\"> El Financiero<\/a> <\/p>\n","protected":false},"excerpt":{"rendered":"<p>El l\u00edder ruso,&nbsp;Vlad\u00edmir Putin, abri\u00f3 hoy su campa\u00f1a de reelecci\u00f3n al ser registrado como candidato presidencial, lo que le permitir\u00e1&nbsp;optar el 17 de marzo a un quinto mandato de seis a\u00f1os&nbsp;al frente del Kremlin. \u201cEl candidato est\u00e1 registrado. Arrancamos una activa campa\u00f1a de propaganda electoral\u201d, asegur\u00f3 V\u00edctor Blazh\u00e9ev, portavoz del grupo de apoyo al candidato [&hellip;]<\/p>\n","protected":false},"author":35,"featured_media":41822,"comment_status":"open","ping_status":"open","sticky":false,"template":"","format":"standard","meta":{"_monsterinsights_skip_tracking":false,"_monsterinsights_sitenote_active":false,"_monsterinsights_sitenote_note":"","_monsterinsights_sitenote_category":0,"footnotes":""},"categories":[181],"tags":[1975,9088,537,703],"class_list":["post-137315","post","type-post","status-publish","format-standard","has-post-thumbnail","hentry","category-internacional","tag-candidatura","tag-obtiene","tag-rusia","tag-vladimir-putin","wp-image-borders"],"amp_enabled":true,"_links":{"self":[{"href":"https:\/\/nvnoticias.mx\/index.php\/wp-json\/wp\/v2\/posts\/137315","targetHints":{"allow":["GET"]}}],"collection":[{"href":"https:\/\/nvnoticias.mx\/index.php\/wp-json\/wp\/v2\/posts"}],"about":[{"href":"https:\/\/nvnoticias.mx\/index.php\/wp-json\/wp\/v2\/types\/post"}],"author":[{"embeddable":true,"href":"https:\/\/nvnoticias.mx\/index.php\/wp-json\/wp\/v2\/users\/35"}],"replies":[{"embeddable":true,"href":"https:\/\/nvnoticias.mx\/index.php\/wp-json\/wp\/v2\/comments?post=137315"}],"version-history":[{"count":4,"href":"https:\/\/nvnoticias.mx\/index.php\/wp-json\/wp\/v2\/posts\/137315\/revisions"}],"predecessor-version":[{"id":137319,"href":"https:\/\/nvnoticias.mx\/index.php\/wp-json\/wp\/v2\/posts\/137315\/revisions\/137319"}],"wp:featuredmedia":[{"embeddable":true,"href":"https:\/\/nvnoticias.mx\/index.php\/wp-json\/wp\/v2\/media\/41822"}],"wp:attachment":[{"href":"https:\/\/nvnoticias.mx\/index.php\/wp-json\/wp\/v2\/media?parent=137315"}],"wp:term":[{"taxonomy":"category","embeddable":true,"href":"https:\/\/nvnoticias.mx\/index.php\/wp-json\/wp\/v2\/categories?post=137315"},{"taxonomy":"post_tag","embeddable":true,"href":"https:\/\/nvnoticias.mx\/index.php\/wp-json\/wp\/v2\/tags?post=137315"}],"curies":[{"name":"wp","href":"https:\/\/api.w.org\/{rel}","templated":true}]}}