{"id":137183,"date":"2024-01-27T13:23:34","date_gmt":"2024-01-27T19:23:34","guid":{"rendered":"https:\/\/nvnoticias.mx\/?p=137183"},"modified":"2024-01-27T13:23:35","modified_gmt":"2024-01-27T19:23:35","slug":"la-descomposicion-moral-de-la-sociedad","status":"publish","type":"post","link":"https:\/\/nvnoticias.mx\/index.php\/2024\/01\/27\/la-descomposicion-moral-de-la-sociedad\/","title":{"rendered":"La descomposici\u00f3n moral de la sociedad"},"content":{"rendered":"\n<p><strong>Ricardo Homs<\/strong><\/p>\n\n\n\n<p>La delincuencia ha existido siempre y se ha considerado un&nbsp;<strong>problema social marginal<\/strong>. Se deriva de la natural ambici\u00f3n humana de pretender tener m\u00e1s, a\u00fan a costa de quit\u00e1rselo a otras personas. Sin embargo, siempre el estado, -a partir de las leyes que respaldan el<strong>&nbsp;orden jur\u00eddico<\/strong>-, se ha encargado de disuadir a los delincuentes utilizando el poder coercitivo del castigo corporal, representado por la privaci\u00f3n de la libertad.<\/p>\n\n\n\n<p>Quien infringe la ley siempre ha estado consciente de haber realizado una&nbsp;<strong>acci\u00f3n moralmente<\/strong>&nbsp;reprobable y merecedora de un&nbsp;<strong>castigo<\/strong>.<\/p>\n\n\n\n<p>Sin embargo, en estos \u00faltimos cinco a\u00f1os, -de este gobierno-, ha habido un giro moral de&nbsp;<strong>consecuencias insospechadas<\/strong>.<\/p>\n\n\n\n<p>Desde que se iniciaron las ma\u00f1aneras estas se han convertido en el p\u00falpito donde se se\u00f1ala y juzga a los malos ciudadanos y se absuelve a quienes el presidente protege, sin m\u00e1s&nbsp;<strong>argumentaci\u00f3n&nbsp;<\/strong>que el criterio personal del primer mandatario, convertido en el \u00faltimo juez de la naci\u00f3n, quien de forma omnipotente se ha apropiado de la autoridad de<strong>&nbsp;exonerar conductas<\/strong>&nbsp;moralmente cuestionables, dando al denunciado su aval moral personal y cubri\u00e9ndolo con su manto protector. As\u00ed ha sucedido con todas las denuncias en contra de gente cercana a la casa presidencial, que han sido evidenciadas en las ma\u00f1aneras por algunos periodistas.<\/p>\n\n\n\n<p>Sin embargo, la insidia que forma parte de la trasnochada ideolog\u00eda de la&nbsp;<strong>\u201clucha de clases\u201d<\/strong>, -que inicia con la victimizaci\u00f3n de unos para culpar a la sociedad de los agravios de quienes se sientan vulnerados-, ha terminado por generar una&nbsp;<strong>confusi\u00f3n&nbsp;<\/strong>moral que absuelve a quienes delinquen, dando el significado de una reivindicaci\u00f3n social el acto de arrebatar su patrimonio o pertenencias, a quienes tenemos al lado.<\/p>\n\n\n\n<p>En el colmo de la&nbsp;<strong>victimizaci\u00f3n&nbsp;<\/strong>se ha justificado el robo como consecuencia de una justa reivindicaci\u00f3n de la pobreza.<\/p>\n\n\n\n<p>De este modo, el pillaje posterior a la devastaci\u00f3n del&nbsp;<strong>hurac\u00e1n Otis&nbsp;<\/strong>sobre Acapulco, se pretendi\u00f3 justificar, como una consecuencia del hambre y la desesperaci\u00f3n de quienes perdieron sus propiedades, no obstante que el pillaje se hubiese cometido sobre tiendas departamentales de las cuales las turbas enardecidas robaron televisiones, laptops, videojuegos, dispositivos telef\u00f3nicos y muchos objetos valiosos que no se relacionan con la sobrevivencia. En este contexto la alcaldesa de Acapulco,&nbsp;<strong>Abelina L\u00f3pez Rodr\u00edguez&nbsp;<\/strong>absolvi\u00f3 a quienes participaron de los saqueos declarando que&nbsp;<strong>\u201cyo no le llamo robar, sino cohesi\u00f3n social\u201d<\/strong>.<\/p>\n\n\n\n<p>De este modo vemos que la&nbsp;<strong>descomposici\u00f3n&nbsp;<\/strong>moral de la sociedad, -acelerada a partir de la justificaci\u00f3n del latrocinio con argumentos ideol\u00f3gicos que justifican la lucha de clases y la&nbsp;<strong>confrontaci\u00f3n<\/strong>-, est\u00e1 incrementando la violencia y tambi\u00e9n la delincuencia.<\/p>\n\n\n\n<p>Continuamente nacen grupos delictivos locales que pretenden aprovechar el vac\u00edo de autoridad y poder que proyecta p\u00fablicamente este gobierno.<\/p>\n\n\n\n<p>Adem\u00e1s, ante la oportunidad que brinda la confusi\u00f3n moral que campea por el&nbsp;<strong>pa\u00eds<\/strong>, vemos que grupos de la delincuencia organizada realizan sus propias campa\u00f1as de vinculaci\u00f3n social con las comunidades cercanas y realizan actos de filantrop\u00eda, -como entrega de despensas, juguetes o medicinas, por citar algunas-, que luego son difundidas en&nbsp;<strong>redes sociales<\/strong>&nbsp;para proyectar p\u00fablicamente una imagen de solidaridad social, estilo Robin Hood. De este modo estos grupos se convierten en el brazo reivindicador del pueblo frente a las oligarqu\u00edas, no obstante que los afectados por sus acciones sean siempre el sector m\u00e1s vulnerable de la poblaci\u00f3n.<\/p>\n\n\n\n<p>Adem\u00e1s, desgastando desde el Poder Ejecutivo la autoridad moral del<strong>&nbsp;Poder Judicial<\/strong>, -que siempre ha sido el \u00faltimo basti\u00f3n del orden social-, sobreviene el caos que hoy impera en muchas regiones de nuestro pa\u00eds.<\/p>\n\n\n\n<p>Sin embargo, utilizando la estrategia de&nbsp;<strong>victimizaci\u00f3n<\/strong>, -a la que siempre recurre el presidente-, este y sus subordinados siempre niegan lo que es evidente: el pa\u00eds se les est\u00e1 yendo de las manos, frente a su indiferencia e indolencia. No ven lo que no les conviene ver, porque reconocerlo&nbsp;<strong>significar\u00eda&nbsp;<\/strong>aceptar su fracaso y ello podr\u00eda tener consecuencias electorales.<\/p>\n\n\n\n<p>Ir\u00f3nicamente nuestro gobierno junto con&nbsp;<strong>Chile&nbsp;<\/strong>pidi\u00f3 a la<strong>&nbsp;Corte Penal Internacional,<\/strong>&nbsp;-ubicada en La Haya-, que investigue posibles cr\u00edmenes de guerra cometidos en la&nbsp;<strong>Franja de Gaza<\/strong>. Sin embargo, ignora los cr\u00edmenes que diariamente suceden en nuestro pa\u00eds a partir del acoso sistem\u00e1tico de grupos de la delincuencia organizada en contra de comunidades enteras, a las que expulsan de sus tierras, incluso utilizando drones con explosivos.<\/p>\n\n\n\n<p>Ni la violencia ni la delincuencia nacieron con este gobierno. Sin embargo, la descomposici\u00f3n moral de la sociedad, -que estimula que comunidades enteras protejan a los c\u00e1rteles-, as\u00ed como esta nueva cultura de&nbsp;<strong>reivindicaci\u00f3n social<\/strong>&nbsp;que impulsa las actividades delincuenciales y la violencia, s\u00ed nacen de la confusi\u00f3n moral derivada de la cotidiana promoci\u00f3n de la confrontaci\u00f3n, as\u00ed como de la victimizaci\u00f3n de un importante sector de la sociedad. Este fen\u00f3meno social nace a partir de la actitud provocadora de este gobierno, que promueve la postura ideol\u00f3gica denominada \u201clucha de clases\u201d, que considera que robar no es un delito, sino reivindicaci\u00f3n social.<\/p>\n\n\n\n<h4 class=\"wp-block-heading\"><strong>UN PERVERSO LEGADO<\/strong><\/h4>\n\n\n\n<p>Una mentalidad \u201ccuentachiles\u201d disfrazada de austeridad est\u00e1 dejando un legado de descuido de nuestra infraestructura de servicios p\u00fablicos, que no reciben mantenimiento por falta de presupuesto, as\u00ed como la construcci\u00f3n de obra p\u00fablica que se realiza con la mentalidad de&nbsp;<strong>\u201clo m\u00e1s barato\u201d<\/strong>, y no lo que garantice calidad y durabilidad.<\/p>\n\n\n\n<p>De este modo hemos visto c\u00f3mo se acumulan accidentes en obras p\u00fablicas, -unos que reciben gran difusi\u00f3n por su significaci\u00f3n-, como el Metro de la Ciudad de M\u00e9xico y ahora el colapso de un tramo del tren elevado de la Ciudad de M\u00e9xico a Toluca, y seguramente otros de los que no nos enteramos.<\/p>\n\n\n\n<p>El deterioro de la infraestructura p\u00fablica ser\u00e1 uno de los \u201cvicios ocultos\u201d que ser\u00e1n el triste legado de este gobierno.<\/p>\n\n\n\n<h4 class=\"wp-block-heading\"><strong>EL SE\u00d1OR DE LAS PREGUNTAS<\/strong><\/h4>\n\n\n\n<p>Ante la visita del presidente&nbsp;<strong>Ernesto Zedillo<\/strong>&nbsp;el presidente&nbsp;<strong>L\u00f3pez Obrador<\/strong>&nbsp;recurri\u00f3 a su m\u00e1s exitosa estrategia: juzgar la actuaci\u00f3n de sus antecesores llen\u00e1ndolos de preguntas, para as\u00ed desviar la atenci\u00f3n p\u00fablica de los graves problemas que est\u00e1 dejando a su sucesora en el cargo, sea cual fuere.<\/p>\n\n\n\n<p><strong>\u00bfA usted qu\u00e9 le parece?<\/strong><\/p>\n\n\n\n<p>Facebook: @Ricardo.Homs1<\/p>\n\n\n\n<p>\u201cX\u201d, (Twitter): @homsricardo<\/p>\n\n\n\n<p>Linkedin: Ricardo Homs<\/p>\n\n\n\n<p><a href=\"http:\/\/www.ricardohoms.com\/\" target=\"_blank\" rel=\"noreferrer noopener\">www.ricardohoms.com<\/a><\/p>\n","protected":false},"excerpt":{"rendered":"<p>Ricardo Homs La delincuencia ha existido siempre y se ha considerado un&nbsp;problema social marginal. Se deriva de la natural ambici\u00f3n humana de pretender tener m\u00e1s, a\u00fan a costa de quit\u00e1rselo a otras personas. Sin embargo, siempre el estado, -a partir de las leyes que respaldan el&nbsp;orden jur\u00eddico-, se ha encargado de disuadir a los delincuentes [&hellip;]<\/p>\n","protected":false},"author":18,"featured_media":107974,"comment_status":"open","ping_status":"open","sticky":false,"template":"","format":"standard","meta":{"_monsterinsights_skip_tracking":false,"_monsterinsights_sitenote_active":false,"_monsterinsights_sitenote_note":"","_monsterinsights_sitenote_category":0,"footnotes":""},"categories":[246],"tags":[173],"class_list":["post-137183","post","type-post","status-publish","format-standard","has-post-thumbnail","hentry","category-ricardo-homs","tag-ricardo-homs","wp-image-borders"],"amp_enabled":true,"_links":{"self":[{"href":"https:\/\/nvnoticias.mx\/index.php\/wp-json\/wp\/v2\/posts\/137183","targetHints":{"allow":["GET"]}}],"collection":[{"href":"https:\/\/nvnoticias.mx\/index.php\/wp-json\/wp\/v2\/posts"}],"about":[{"href":"https:\/\/nvnoticias.mx\/index.php\/wp-json\/wp\/v2\/types\/post"}],"author":[{"embeddable":true,"href":"https:\/\/nvnoticias.mx\/index.php\/wp-json\/wp\/v2\/users\/18"}],"replies":[{"embeddable":true,"href":"https:\/\/nvnoticias.mx\/index.php\/wp-json\/wp\/v2\/comments?post=137183"}],"version-history":[{"count":1,"href":"https:\/\/nvnoticias.mx\/index.php\/wp-json\/wp\/v2\/posts\/137183\/revisions"}],"predecessor-version":[{"id":137184,"href":"https:\/\/nvnoticias.mx\/index.php\/wp-json\/wp\/v2\/posts\/137183\/revisions\/137184"}],"wp:featuredmedia":[{"embeddable":true,"href":"https:\/\/nvnoticias.mx\/index.php\/wp-json\/wp\/v2\/media\/107974"}],"wp:attachment":[{"href":"https:\/\/nvnoticias.mx\/index.php\/wp-json\/wp\/v2\/media?parent=137183"}],"wp:term":[{"taxonomy":"category","embeddable":true,"href":"https:\/\/nvnoticias.mx\/index.php\/wp-json\/wp\/v2\/categories?post=137183"},{"taxonomy":"post_tag","embeddable":true,"href":"https:\/\/nvnoticias.mx\/index.php\/wp-json\/wp\/v2\/tags?post=137183"}],"curies":[{"name":"wp","href":"https:\/\/api.w.org\/{rel}","templated":true}]}}