{"id":137110,"date":"2024-01-26T14:59:11","date_gmt":"2024-01-26T20:59:11","guid":{"rendered":"https:\/\/nvnoticias.mx\/?p=137110"},"modified":"2024-01-26T14:59:12","modified_gmt":"2024-01-26T20:59:12","slug":"realizaran-protesta-contra-los-crimenes-de-odio","status":"publish","type":"post","link":"https:\/\/nvnoticias.mx\/index.php\/2024\/01\/26\/realizaran-protesta-contra-los-crimenes-de-odio\/","title":{"rendered":"Realizar\u00e1n protesta contra los cr\u00edmenes de odio"},"content":{"rendered":"\n<p><strong>Jes\u00fas Utrilla \/ NV Noticias<\/strong><\/p>\n\n\n\n<p>Con el prop\u00f3sito de alzar la voz contra los cr\u00edmenes de odio que han marcado al estado, la comunidad LGBT organizar\u00e1 una marcha en la ciudad de Veracruz. <\/p>\n\n\n\n<p>Leonardo Ru\u00edz Moreno, fundador de la Red Diversa Veracruz, resalt\u00f3 que, aunque la mayor\u00eda de los asesinatos se han registrado en la zona sur, ninguna regi\u00f3n del estado est\u00e1 exenta de la inseguridad.<\/p>\n\n\n\n<p>Lament\u00f3 los seis casos de asesinatos de chicas trans a nivel nacional, incluido uno en la zona sur de Veracruz en los primeros d\u00edas de enero. <\/p>\n\n\n\n<p>La marcha, programada para el s\u00e1bado a las 4 de la tarde con salida del Centro Veracruzano de las Artes Hugo Arg\u00fcelles, busca ser un llamado urgente para poner fin a los cr\u00edmenes de odio y garantizar que los responsables no queden impunes.<\/p>\n\n\n\n<p>Enfatiz\u00f3 la necesidad de detener estos actos de violencia y asegurarse de que los perpetradores enfrenten consecuencias penales, ya que en la mayor\u00eda de los casos la impunidad prevalece. <\/p>\n\n\n\n<p>La ruta de la marcha contempla pasar por la avenida Independencia, culminando cerca del centro de Veracruz.<\/p>\n\n\n\n<p>En el \u00e1mbito laboral, Ru\u00edz Moreno tambi\u00e9n se\u00f1al\u00f3 la existencia de despidos injustificados y acoso dentro de los centros de trabajo para integrantes de la comunidad LGBT. <\/p>\n\n\n\n<p>Adem\u00e1s de la manifestaci\u00f3n, se planea otorgar incentivos incluyentes a empresas que se capaciten en temas de &#8220;lugares libres de discriminaci\u00f3n&#8221;.<\/p>\n\n\n\n<p> Este fin de semana, la primera empresa recibir\u00e1 un distintivo por considerarse un espacio seguro para la comunidad LGBT.<\/p>\n\n\n\n<p>Paralelamente, se llevar\u00e1 a cabo en la ciudad de Veracruz el Primer Encuentro de Activistas LGBT durante el fin de semana. <\/p>\n\n\n\n<p>Este evento, programado en el Centro Veracruzano de las Artes Hugo Arg\u00fcelles, abordar\u00e1 diversos temas como pol\u00edticos, seguridad, salud y educaci\u00f3n. <\/p>\n\n\n\n<p>La iniciativa busca fortalecer la cohesi\u00f3n dentro de la comunidad y generar estrategias para abordar los desaf\u00edos que enfrentan en la sociedad.<\/p>\n","protected":false},"excerpt":{"rendered":"<p>Jes\u00fas Utrilla \/ NV Noticias Con el prop\u00f3sito de alzar la voz contra los cr\u00edmenes de odio que han marcado al estado, la comunidad LGBT organizar\u00e1 una marcha en la ciudad de Veracruz. Leonardo Ru\u00edz Moreno, fundador de la Red Diversa Veracruz, resalt\u00f3 que, aunque la mayor\u00eda de los asesinatos se han registrado en la [&hellip;]<\/p>\n","protected":false},"author":8,"featured_media":137111,"comment_status":"open","ping_status":"open","sticky":false,"template":"","format":"standard","meta":{"_monsterinsights_skip_tracking":false,"_monsterinsights_sitenote_active":false,"_monsterinsights_sitenote_note":"","_monsterinsights_sitenote_category":0,"footnotes":""},"categories":[154],"tags":[3255,3492],"class_list":["post-137110","post","type-post","status-publish","format-standard","has-post-thumbnail","hentry","category-veracruz","tag-crimenes-de-odio","tag-protesta","wp-image-borders"],"amp_enabled":true,"_links":{"self":[{"href":"https:\/\/nvnoticias.mx\/index.php\/wp-json\/wp\/v2\/posts\/137110","targetHints":{"allow":["GET"]}}],"collection":[{"href":"https:\/\/nvnoticias.mx\/index.php\/wp-json\/wp\/v2\/posts"}],"about":[{"href":"https:\/\/nvnoticias.mx\/index.php\/wp-json\/wp\/v2\/types\/post"}],"author":[{"embeddable":true,"href":"https:\/\/nvnoticias.mx\/index.php\/wp-json\/wp\/v2\/users\/8"}],"replies":[{"embeddable":true,"href":"https:\/\/nvnoticias.mx\/index.php\/wp-json\/wp\/v2\/comments?post=137110"}],"version-history":[{"count":1,"href":"https:\/\/nvnoticias.mx\/index.php\/wp-json\/wp\/v2\/posts\/137110\/revisions"}],"predecessor-version":[{"id":137112,"href":"https:\/\/nvnoticias.mx\/index.php\/wp-json\/wp\/v2\/posts\/137110\/revisions\/137112"}],"wp:featuredmedia":[{"embeddable":true,"href":"https:\/\/nvnoticias.mx\/index.php\/wp-json\/wp\/v2\/media\/137111"}],"wp:attachment":[{"href":"https:\/\/nvnoticias.mx\/index.php\/wp-json\/wp\/v2\/media?parent=137110"}],"wp:term":[{"taxonomy":"category","embeddable":true,"href":"https:\/\/nvnoticias.mx\/index.php\/wp-json\/wp\/v2\/categories?post=137110"},{"taxonomy":"post_tag","embeddable":true,"href":"https:\/\/nvnoticias.mx\/index.php\/wp-json\/wp\/v2\/tags?post=137110"}],"curies":[{"name":"wp","href":"https:\/\/api.w.org\/{rel}","templated":true}]}}