{"id":137097,"date":"2024-01-26T12:52:12","date_gmt":"2024-01-26T18:52:12","guid":{"rendered":"https:\/\/nvnoticias.mx\/?p=137097"},"modified":"2024-01-26T12:52:55","modified_gmt":"2024-01-26T18:52:55","slug":"timothee-chalamet-zendaya-y-mas-actores-de-dune-part-2-visitaran-mexico","status":"publish","type":"post","link":"https:\/\/nvnoticias.mx\/index.php\/2024\/01\/26\/timothee-chalamet-zendaya-y-mas-actores-de-dune-part-2-visitaran-mexico\/","title":{"rendered":"Timoth\u00e9e Chalamet, Zendaya y m\u00e1s actores de \u2018Dune: Part 2\u2032 visitar\u00e1n M\u00e9xico"},"content":{"rendered":"\n<p><strong>Miembros del elenco de&nbsp;<\/strong><em><strong>Duna: Parte 2&nbsp;<\/strong><\/em><strong>visitar\u00e1n M\u00e9xico<\/strong>&nbsp;para promocionar la pel\u00edcula ante los medios y sus fan\u00e1ticos m\u00e1s fieles. La esperada secuela de la saga espacial encontrar\u00e1 su final este a\u00f1o en todos los cines del mundo, pero en tierras mexicanas su estreno ser\u00e1 todav\u00eda m\u00e1s especial.<\/p>\n\n\n\n<p>La producci\u00f3n de&nbsp;<em>Duna: Parte 2<\/em>&nbsp;ha despertado gran expectativa dentro de la industria cinematogr\u00e1fica y entre los entusiastas de la ciencia ficci\u00f3n. La calidad narrativa y visual del primer filme sugiere que la segunda parte mantendr\u00e1 el alto est\u00e1ndar ya establecido.<\/p>\n\n\n\n<p>Esta ma\u00f1ana Warner Bros Pictures M\u00e9xico despert\u00f3 a los cin\u00e9filos m\u00e1s asiduos del&nbsp;<em>sci-fi&nbsp;<\/em>con la noticia de que muchas de las estrellas de la esperada secuela dirigida por Denis Villeneuve pisar\u00e1n tierras aztecas para promocionar el filme.<\/p>\n\n\n\n<p>Seg\u00fan un comunicado liberado por Warner Bros M\u00e9xico, nuestro pa\u00eds recibir\u00e1 la visita de:<\/p>\n\n\n\n<ul class=\"wp-block-list\"><li>Timoth\u00e9e Chalamet<\/li><li>Zendaya<\/li><li>Josh Brolin<\/li><li>Austin Butler<\/li><li>Florence Pugh<\/li><li>Y el director Denis Villeneuve<\/li><\/ul>\n\n\n\n<p>La visita del elenco a nuestro pa\u00eds obedece motivos de promoci\u00f3n. Encuentros con la prensa y diversos medios de comunicaci\u00f3n digitales seguramente estar\u00e1n a la orden del d\u00eda.<\/p>\n\n\n\n<p>Sin embargo, su visita estar\u00e1 enfocada en un\u00a0<em>fan event<\/em>\u00a0que se llevar\u00e1 a cabo en el\u00a0<strong>Auditorio Nacional el pr\u00f3ximo 6 de febrero,\u00a0<\/strong>en donde se proyectar\u00e1 la cinta de forma anticipada y en donde los fans podr\u00e1n convivir con los actores en una lujosa alfombra roja.<\/p>\n\n\n\n<p>Fuente: <a href=\"https:\/\/www.infobae.com\/mexico\/2024\/01\/25\/duna-parte-2-timothee-chalamet-zendaya-y-mas-miembros-del-elenco-visitaran-mexico\/?outputType=amp-type\" data-type=\"URL\" data-id=\"https:\/\/www.infobae.com\/mexico\/2024\/01\/25\/duna-parte-2-timothee-chalamet-zendaya-y-mas-miembros-del-elenco-visitaran-mexico\/?outputType=amp-type\">El Universal<\/a> <\/p>\n","protected":false},"excerpt":{"rendered":"<p>Miembros del elenco de&nbsp;Duna: Parte 2&nbsp;visitar\u00e1n M\u00e9xico&nbsp;para promocionar la pel\u00edcula ante los medios y sus fan\u00e1ticos m\u00e1s fieles. La esperada secuela de la saga espacial encontrar\u00e1 su final este a\u00f1o en todos los cines del mundo, pero en tierras mexicanas su estreno ser\u00e1 todav\u00eda m\u00e1s especial. La producci\u00f3n de&nbsp;Duna: Parte 2&nbsp;ha despertado gran expectativa dentro [&hellip;]<\/p>\n","protected":false},"author":35,"featured_media":45519,"comment_status":"open","ping_status":"open","sticky":false,"template":"","format":"standard","meta":{"_monsterinsights_skip_tracking":false,"_monsterinsights_sitenote_active":false,"_monsterinsights_sitenote_note":"","_monsterinsights_sitenote_category":0,"footnotes":""},"categories":[576],"tags":[26073,18940,7351],"class_list":["post-137097","post","type-post","status-publish","format-standard","has-post-thumbnail","hentry","category-ocio","tag-dune-2","tag-timothee-chalamet","tag-zendaya","wp-image-borders"],"amp_enabled":true,"_links":{"self":[{"href":"https:\/\/nvnoticias.mx\/index.php\/wp-json\/wp\/v2\/posts\/137097","targetHints":{"allow":["GET"]}}],"collection":[{"href":"https:\/\/nvnoticias.mx\/index.php\/wp-json\/wp\/v2\/posts"}],"about":[{"href":"https:\/\/nvnoticias.mx\/index.php\/wp-json\/wp\/v2\/types\/post"}],"author":[{"embeddable":true,"href":"https:\/\/nvnoticias.mx\/index.php\/wp-json\/wp\/v2\/users\/35"}],"replies":[{"embeddable":true,"href":"https:\/\/nvnoticias.mx\/index.php\/wp-json\/wp\/v2\/comments?post=137097"}],"version-history":[{"count":4,"href":"https:\/\/nvnoticias.mx\/index.php\/wp-json\/wp\/v2\/posts\/137097\/revisions"}],"predecessor-version":[{"id":137101,"href":"https:\/\/nvnoticias.mx\/index.php\/wp-json\/wp\/v2\/posts\/137097\/revisions\/137101"}],"wp:featuredmedia":[{"embeddable":true,"href":"https:\/\/nvnoticias.mx\/index.php\/wp-json\/wp\/v2\/media\/45519"}],"wp:attachment":[{"href":"https:\/\/nvnoticias.mx\/index.php\/wp-json\/wp\/v2\/media?parent=137097"}],"wp:term":[{"taxonomy":"category","embeddable":true,"href":"https:\/\/nvnoticias.mx\/index.php\/wp-json\/wp\/v2\/categories?post=137097"},{"taxonomy":"post_tag","embeddable":true,"href":"https:\/\/nvnoticias.mx\/index.php\/wp-json\/wp\/v2\/tags?post=137097"}],"curies":[{"name":"wp","href":"https:\/\/api.w.org\/{rel}","templated":true}]}}