{"id":136965,"date":"2024-01-25T15:21:08","date_gmt":"2024-01-25T21:21:08","guid":{"rendered":"https:\/\/nvnoticias.mx\/?p=136965"},"modified":"2024-01-25T15:21:09","modified_gmt":"2024-01-25T21:21:09","slug":"estos-serian-los-dos-equipos-que-tendria-veracruz-en-la-liga-de-expansion-mx","status":"publish","type":"post","link":"https:\/\/nvnoticias.mx\/index.php\/2024\/01\/25\/estos-serian-los-dos-equipos-que-tendria-veracruz-en-la-liga-de-expansion-mx\/","title":{"rendered":"Estos ser\u00edan los dos equipos que tendr\u00eda Veracruz en la Liga de Expansi\u00f3n MX"},"content":{"rendered":"\n<p><strong>\u00c1ngel Hern\u00e1ndez \/ NV Noticias<\/strong><\/p>\n\n\n\n<p>El Puerto de Veracruz podr\u00eda albergar dos equipos de f\u00fatbol profesional en la Liga de Expansi\u00f3n MX, as\u00ed lo indic\u00f3 el gobernador del estado, Cuitl\u00e1huac Garc\u00eda Jim\u00e9nez.<\/p>\n\n\n\n<p>En conferencia de prensa, el mandatario estatal mencion\u00f3 que de ser necesario se apoyar\u00eda a ambos equipos en caso de llegar a una negociaci\u00f3n con ambos clubes.<\/p>\n\n\n\n<blockquote class=\"wp-block-quote is-layout-flow wp-block-quote-is-layout-flow\"><p>&#8220;<em>Nosotros apoyaremos en lo que requieran para que se de eso, y si hay dos equipos, pues que mejor, eso ha pasado en otros lados<\/em>&#8220;.<\/p><\/blockquote>\n\n\n\n<p>Cabe se\u00f1alar que en Boca del R\u00edo se encuentra el equipo Racing FC Porto Palmeiras, el cual compite para lograr su ascenso a la Liga de Expansi\u00f3n.<\/p>\n\n\n\n<p>El otro equipo ser\u00eda el Veracruz FC, qui\u00e9n jugar\u00eda desde un principio con una plaza en la Liga de Expansi\u00f3n.<\/p>\n\n\n\n<p>En caso de un ascenso por parte del equipo que juega en el deportivo Hugo S\u00e1nchez, en el municipio boque\u00f1o, El Puerto de Veracruz tendr\u00eda dos equipos compitiendo en la misma categor\u00eda.<\/p>\n\n\n\n<p>Ante esto, el gobernador se\u00f1al\u00f3 que incluso podr\u00edan jugar ambos en el nuevo estadio Luis Pirata Fuente, sin embargo, tendr\u00eda que haber una negociaci\u00f3n entre ambos clubes.<\/p>\n\n\n\n<blockquote class=\"wp-block-quote is-layout-flow wp-block-quote-is-layout-flow\"><p>&#8220;<em>El acuerdo comercial va a quedar entre ellos. Si hay formas, con la federaci\u00f3n mexicana, para que dos equipos de la Liga de Expansi\u00f3n en una zona conurbada est\u00e9n conviviendo<\/em>&#8220;.<\/p><\/blockquote>\n\n\n\n<p>Cuitl\u00e1huac Garc\u00eda Jim\u00e9nez adelant\u00f3 que se podr\u00eda crear un cl\u00e1sico en la regi\u00f3n, lo cual llamar\u00eda mucho la atenci\u00f3n de la ciudadan\u00eda, asegur\u00f3.<\/p>\n","protected":false},"excerpt":{"rendered":"<p>\u00c1ngel Hern\u00e1ndez \/ NV Noticias El Puerto de Veracruz podr\u00eda albergar dos equipos de f\u00fatbol profesional en la Liga de Expansi\u00f3n MX, as\u00ed lo indic\u00f3 el gobernador del estado, Cuitl\u00e1huac Garc\u00eda Jim\u00e9nez. En conferencia de prensa, el mandatario estatal mencion\u00f3 que de ser necesario se apoyar\u00eda a ambos equipos en caso de llegar a una [&hellip;]<\/p>\n","protected":false},"author":8,"featured_media":135955,"comment_status":"open","ping_status":"open","sticky":false,"template":"","format":"standard","meta":{"_monsterinsights_skip_tracking":false,"_monsterinsights_sitenote_active":false,"_monsterinsights_sitenote_note":"","_monsterinsights_sitenote_category":0,"footnotes":""},"categories":[159],"tags":[26065,3200,180,29153],"class_list":["post-136965","post","type-post","status-publish","format-standard","has-post-thumbnail","hentry","category-deportes","tag-club-racing-fc-porto-palmeiras","tag-liga-de-expansion","tag-veracruz","tag-veracruz-fc","wp-image-borders"],"amp_enabled":true,"_links":{"self":[{"href":"https:\/\/nvnoticias.mx\/index.php\/wp-json\/wp\/v2\/posts\/136965","targetHints":{"allow":["GET"]}}],"collection":[{"href":"https:\/\/nvnoticias.mx\/index.php\/wp-json\/wp\/v2\/posts"}],"about":[{"href":"https:\/\/nvnoticias.mx\/index.php\/wp-json\/wp\/v2\/types\/post"}],"author":[{"embeddable":true,"href":"https:\/\/nvnoticias.mx\/index.php\/wp-json\/wp\/v2\/users\/8"}],"replies":[{"embeddable":true,"href":"https:\/\/nvnoticias.mx\/index.php\/wp-json\/wp\/v2\/comments?post=136965"}],"version-history":[{"count":1,"href":"https:\/\/nvnoticias.mx\/index.php\/wp-json\/wp\/v2\/posts\/136965\/revisions"}],"predecessor-version":[{"id":136967,"href":"https:\/\/nvnoticias.mx\/index.php\/wp-json\/wp\/v2\/posts\/136965\/revisions\/136967"}],"wp:featuredmedia":[{"embeddable":true,"href":"https:\/\/nvnoticias.mx\/index.php\/wp-json\/wp\/v2\/media\/135955"}],"wp:attachment":[{"href":"https:\/\/nvnoticias.mx\/index.php\/wp-json\/wp\/v2\/media?parent=136965"}],"wp:term":[{"taxonomy":"category","embeddable":true,"href":"https:\/\/nvnoticias.mx\/index.php\/wp-json\/wp\/v2\/categories?post=136965"},{"taxonomy":"post_tag","embeddable":true,"href":"https:\/\/nvnoticias.mx\/index.php\/wp-json\/wp\/v2\/tags?post=136965"}],"curies":[{"name":"wp","href":"https:\/\/api.w.org\/{rel}","templated":true}]}}