{"id":136937,"date":"2024-01-25T12:34:02","date_gmt":"2024-01-25T18:34:02","guid":{"rendered":"https:\/\/nvnoticias.mx\/?p=136937"},"modified":"2024-01-25T12:34:03","modified_gmt":"2024-01-25T18:34:03","slug":"transportistas-realizaran-paro-nacional-el-5-de-febrero","status":"publish","type":"post","link":"https:\/\/nvnoticias.mx\/index.php\/2024\/01\/25\/transportistas-realizaran-paro-nacional-el-5-de-febrero\/","title":{"rendered":"Transportistas realizar\u00e1n paro nacional el 5 de febrero"},"content":{"rendered":"\n<p><strong>Jes\u00fas Utrilla \/ NV Noticias<\/strong><\/p>\n\n\n\n<p>Cansados de la inseguridad que a diario se vive en carreteras y autopistas del pa\u00eds, organizaciones del autotransporte de carga, reiteraron que el 5 de febrero har\u00e1n paro nacional y bloqueos a lo largo y ancho de la Rep\u00fablica Mexicana.<\/p>\n\n\n\n<p>David Estevez, presidente nacional de la Asociaci\u00f3n de Transportistas (ANTAC), explic\u00f3 que, ante la urgente necesidad de buscar una soluci\u00f3n, diversas organizaciones y asociaciones de transporte de carga determinaron realizar el paro nacional, contra la inseguridad que se vive todos los d\u00edas en las distintas carreteras del pa\u00eds.<\/p>\n\n\n\n<blockquote class=\"wp-block-quote is-layout-flow wp-block-quote-is-layout-flow\"><p>\u201c<em>Compa\u00f1eros pierden la vida al ser asaltados, los delincuentes los bajan de sus unidades a punta de pistola y en algunas ocasiones all\u00ed los asesinan<\/em>\u201d.<\/p><\/blockquote>\n\n\n\n<p>El 5 de febrero, se espera una concentraci\u00f3n para exigir a las autoridades el rescaten con vida de cerca de 20 operadores que est\u00e1n desaparecidos, y que se termine con la ola de robos y asaltos en carreteras.<\/p>\n\n\n\n<blockquote class=\"wp-block-quote is-layout-flow wp-block-quote-is-layout-flow\"><p>\u201c<em>Emplazamos a las distintas corporaciones encargadas de brindar la seguridad, que se d\u00e9 la atenci\u00f3n prioritaria en puntos m\u00e1s inseguros y que se apliquen en las labores de investigar y dar seguimiento a los casos que se presentan<\/em>\u201d.<\/p><\/blockquote>\n\n\n\n<p>Se\u00f1al\u00f3 como puntos \u00e1lgidos\u00a0la autopista M\u00e9xico-Tuxpan, entre los l\u00edmites de Hidalgo y Puebla. La Carretera federal 57 en San Jos\u00e9 Iturbide En Guanajuato y en el Arco Norte. Autopista Veracruz-Puebla, a la altura de Maltrata y Esperanza, entre otros.<\/p>\n\n\n\n<blockquote class=\"wp-block-quote is-layout-flow wp-block-quote-is-layout-flow\"><p>\u201c<em>Pedimos una disculpa a todas las personas, que se ver\u00e1n afectadas por nuestra movilizaci\u00f3n, la cual sin duda ser\u00e1 tambi\u00e9n en beneficio para ellos, los cuales son despojados de sus unidades y de sus pertenencias cuando son asaltados<\/em>\u201d, concluy\u00f3.<\/p><\/blockquote>\n","protected":false},"excerpt":{"rendered":"<p>Jes\u00fas Utrilla \/ NV Noticias Cansados de la inseguridad que a diario se vive en carreteras y autopistas del pa\u00eds, organizaciones del autotransporte de carga, reiteraron que el 5 de febrero har\u00e1n paro nacional y bloqueos a lo largo y ancho de la Rep\u00fablica Mexicana. David Estevez, presidente nacional de la Asociaci\u00f3n de Transportistas (ANTAC), [&hellip;]<\/p>\n","protected":false},"author":8,"featured_media":54446,"comment_status":"open","ping_status":"open","sticky":false,"template":"","format":"standard","meta":{"_monsterinsights_skip_tracking":false,"_monsterinsights_sitenote_active":false,"_monsterinsights_sitenote_note":"","_monsterinsights_sitenote_category":0,"footnotes":""},"categories":[154],"tags":[7550,709],"class_list":["post-136937","post","type-post","status-publish","format-standard","has-post-thumbnail","hentry","category-veracruz","tag-paro-nacional","tag-transportistas","wp-image-borders"],"amp_enabled":true,"_links":{"self":[{"href":"https:\/\/nvnoticias.mx\/index.php\/wp-json\/wp\/v2\/posts\/136937","targetHints":{"allow":["GET"]}}],"collection":[{"href":"https:\/\/nvnoticias.mx\/index.php\/wp-json\/wp\/v2\/posts"}],"about":[{"href":"https:\/\/nvnoticias.mx\/index.php\/wp-json\/wp\/v2\/types\/post"}],"author":[{"embeddable":true,"href":"https:\/\/nvnoticias.mx\/index.php\/wp-json\/wp\/v2\/users\/8"}],"replies":[{"embeddable":true,"href":"https:\/\/nvnoticias.mx\/index.php\/wp-json\/wp\/v2\/comments?post=136937"}],"version-history":[{"count":1,"href":"https:\/\/nvnoticias.mx\/index.php\/wp-json\/wp\/v2\/posts\/136937\/revisions"}],"predecessor-version":[{"id":136938,"href":"https:\/\/nvnoticias.mx\/index.php\/wp-json\/wp\/v2\/posts\/136937\/revisions\/136938"}],"wp:featuredmedia":[{"embeddable":true,"href":"https:\/\/nvnoticias.mx\/index.php\/wp-json\/wp\/v2\/media\/54446"}],"wp:attachment":[{"href":"https:\/\/nvnoticias.mx\/index.php\/wp-json\/wp\/v2\/media?parent=136937"}],"wp:term":[{"taxonomy":"category","embeddable":true,"href":"https:\/\/nvnoticias.mx\/index.php\/wp-json\/wp\/v2\/categories?post=136937"},{"taxonomy":"post_tag","embeddable":true,"href":"https:\/\/nvnoticias.mx\/index.php\/wp-json\/wp\/v2\/tags?post=136937"}],"curies":[{"name":"wp","href":"https:\/\/api.w.org\/{rel}","templated":true}]}}