{"id":136841,"date":"2024-01-24T14:47:18","date_gmt":"2024-01-24T20:47:18","guid":{"rendered":"https:\/\/nvnoticias.mx\/?p=136841"},"modified":"2024-01-24T14:47:19","modified_gmt":"2024-01-24T20:47:19","slug":"habla-melissa-barrera-de-su-relacion-con-el-elenco-de-scream-tras-su-polemico-despido","status":"publish","type":"post","link":"https:\/\/nvnoticias.mx\/index.php\/2024\/01\/24\/habla-melissa-barrera-de-su-relacion-con-el-elenco-de-scream-tras-su-polemico-despido\/","title":{"rendered":"Habla Melissa Barrera de su relaci\u00f3n con el elenco de &#8220;Scream&#8221; tras su pol\u00e9mico despido"},"content":{"rendered":"\n<p>La actriz y cantante mexicana&nbsp;<strong>Melissa Barrera<\/strong>, reconocida por su papel en la franquicia &#8220;Scream&#8221;, gener\u00f3 controversia en 2023 al ser despedida por expresar su apoyo a Palestina durante el conflicto con Israel. En el festival Sundance, brind\u00f3 detalles sobre su actual relaci\u00f3n con el elenco durante la alfombra roja.<\/p>\n\n\n\n<p>A pesar de las circunstancias adversas, Barrera afirm\u00f3 sentir que siempre ser\u00e1 cercana a sus excompa\u00f1eros de reparto, destacando la conexi\u00f3n duradera entre ellos. En sus propias palabras, expres\u00f3: &#8220;Somos una familia para toda la vida. Si alguna vez estamos cerca el uno del otro, siempre nos encontramos y eso es lo que pas\u00f3 en ese evento&#8221;.<\/p>\n\n\n\n<p>La actriz a\u00f1adi\u00f3 que disfruta de buenos momentos cuando se re\u00fane con ellos, subrayando que, incluso en situaciones dif\u00edciles, su amistad persiste: &#8220;S\u00f3lo queremos pasar la noche juntos y nada va a cambiar eso&#8221;. Respecto a su participaci\u00f3n en la franquicia, Barrera comparti\u00f3 su gratitud por la oportunidad brindada y por la contribuci\u00f3n que pudo hacer: &#8220;Estoy muy agradecida por lo que pude aportar a la franquicia, y eso es algo de lo que estar\u00e9 orgullosa para siempre&#8221;.<\/p>\n\n\n\n<p>El despido de Barrera de &#8220;Scream&#8221; la llev\u00f3 a reflexionar sobre su papel como figura p\u00fablica y la responsabilidad de alzar la voz ante situaciones injustas. La famosa, como latina y mexicana orgullosa, considera que tiene la responsabilidad de utilizar su plataforma para crear conciencia sobre problemas importantes: &#8220;Como latina, una mexicana orgullosa, siento la responsabilidad de tener una plataforma que me permita el privilegio de ser escuchada, y por eso he tratado de usarla para crear conciencia sobre temas que me preocupan y prestar mi voz a quienes lo necesitan&#8221;.<\/p>\n\n\n\n<p>Asimismo, afirm\u00f3 su compromiso con la defensa de los derechos humanos y la paz, reafirmando que seguir\u00e1 alzando la voz por aquellos que lo necesitan: &#8220;El silencio no es una opci\u00f3n para m\u00ed&#8221;, concluy\u00f3.<\/p>\n\n\n\n<p>Fuente:<em><a href=\"https:\/\/www.eluniversal.com.mx\/espectaculos\/melissa-barrera-habla-de-su-relacion-con-el-elenco-de-scream-tras-su-polemico-despido\/\" data-type=\"URL\" data-id=\"https:\/\/www.eluniversal.com.mx\/espectaculos\/melissa-barrera-habla-de-su-relacion-con-el-elenco-de-scream-tras-su-polemico-despido\/\"> El Universal<\/a><\/em> <\/p>\n","protected":false},"excerpt":{"rendered":"<p>La actriz y cantante mexicana&nbsp;Melissa Barrera, reconocida por su papel en la franquicia &#8220;Scream&#8221;, gener\u00f3 controversia en 2023 al ser despedida por expresar su apoyo a Palestina durante el conflicto con Israel. En el festival Sundance, brind\u00f3 detalles sobre su actual relaci\u00f3n con el elenco durante la alfombra roja. A pesar de las circunstancias adversas, [&hellip;]<\/p>\n","protected":false},"author":35,"featured_media":130166,"comment_status":"open","ping_status":"open","sticky":false,"template":"","format":"standard","meta":{"_monsterinsights_skip_tracking":false,"_monsterinsights_sitenote_active":false,"_monsterinsights_sitenote_note":"","_monsterinsights_sitenote_category":0,"footnotes":""},"categories":[576],"tags":[23705,6339],"class_list":["post-136841","post","type-post","status-publish","format-standard","has-post-thumbnail","hentry","category-ocio","tag-melissa-barrera","tag-scream","wp-image-borders"],"amp_enabled":true,"_links":{"self":[{"href":"https:\/\/nvnoticias.mx\/index.php\/wp-json\/wp\/v2\/posts\/136841","targetHints":{"allow":["GET"]}}],"collection":[{"href":"https:\/\/nvnoticias.mx\/index.php\/wp-json\/wp\/v2\/posts"}],"about":[{"href":"https:\/\/nvnoticias.mx\/index.php\/wp-json\/wp\/v2\/types\/post"}],"author":[{"embeddable":true,"href":"https:\/\/nvnoticias.mx\/index.php\/wp-json\/wp\/v2\/users\/35"}],"replies":[{"embeddable":true,"href":"https:\/\/nvnoticias.mx\/index.php\/wp-json\/wp\/v2\/comments?post=136841"}],"version-history":[{"count":3,"href":"https:\/\/nvnoticias.mx\/index.php\/wp-json\/wp\/v2\/posts\/136841\/revisions"}],"predecessor-version":[{"id":136844,"href":"https:\/\/nvnoticias.mx\/index.php\/wp-json\/wp\/v2\/posts\/136841\/revisions\/136844"}],"wp:featuredmedia":[{"embeddable":true,"href":"https:\/\/nvnoticias.mx\/index.php\/wp-json\/wp\/v2\/media\/130166"}],"wp:attachment":[{"href":"https:\/\/nvnoticias.mx\/index.php\/wp-json\/wp\/v2\/media?parent=136841"}],"wp:term":[{"taxonomy":"category","embeddable":true,"href":"https:\/\/nvnoticias.mx\/index.php\/wp-json\/wp\/v2\/categories?post=136841"},{"taxonomy":"post_tag","embeddable":true,"href":"https:\/\/nvnoticias.mx\/index.php\/wp-json\/wp\/v2\/tags?post=136841"}],"curies":[{"name":"wp","href":"https:\/\/api.w.org\/{rel}","templated":true}]}}