{"id":136828,"date":"2024-01-24T14:33:07","date_gmt":"2024-01-24T20:33:07","guid":{"rendered":"https:\/\/nvnoticias.mx\/?p=136828"},"modified":"2024-01-24T14:33:08","modified_gmt":"2024-01-24T20:33:08","slug":"suspenden-3-meses-al-canciller-de-colombia-por-polemica-licitacion-de-pasaportes","status":"publish","type":"post","link":"https:\/\/nvnoticias.mx\/index.php\/2024\/01\/24\/suspenden-3-meses-al-canciller-de-colombia-por-polemica-licitacion-de-pasaportes\/","title":{"rendered":"Suspenden 3 meses al canciller de Colombia por pol\u00e9mica licitaci\u00f3n de pasaportes"},"content":{"rendered":"\n<p>&nbsp;El canciller colombiano&nbsp;<strong>\u00c1lvaro Leyva&nbsp;<\/strong>fue llamado a juicio disciplinario y suspendido por tres meses, inform\u00f3 el mi\u00e9rcoles la Procuradur\u00eda al hallar posibles irregularidades durante un millonario proceso de licitaci\u00f3n para elaborar pasaportes.<\/p>\n\n\n\n<p>La suspensi\u00f3n es de efecto inmediato y podr\u00eda prorrogarse por otros tres meses, seg\u00fan la ley colombiana que rige las investigaciones disciplinarias.<\/p>\n\n\n\n<p>Leyva no se pronunci\u00f3 de inmediato sobre la decisi\u00f3n de la Procuradur\u00eda. Seg\u00fan la canciller\u00eda, cumple una agenda en Ginebra en el Foro Mundial sobre Migraci\u00f3n y Desarrollo.Play Video<\/p>\n\n\n\n<p>La Procuradur\u00eda \u2014encargada de las investigaciones disciplinarias a funcionarios p\u00fablicos\u2014 detall\u00f3 en un comunicado que&nbsp;<strong>Leyva habr\u00eda incurrido en dos faltas disciplinarias&nbsp;<\/strong>calificadas provisionalmente como \u201cgrav\u00edsimas a t\u00edtulo de dolo\u201d.<\/p>\n\n\n\n<p>Fuente: <a href=\"https:\/\/www.eluniversal.com.mx\/mundo\/suspenden-3-meses-al-canciller-de-colombia-por-polemica-licitacion-de-pasaportes\/\" data-type=\"URL\" data-id=\"https:\/\/www.eluniversal.com.mx\/mundo\/suspenden-3-meses-al-canciller-de-colombia-por-polemica-licitacion-de-pasaportes\/\">El Universal<\/a> <\/p>\n","protected":false},"excerpt":{"rendered":"<p>&nbsp;El canciller colombiano&nbsp;\u00c1lvaro Leyva&nbsp;fue llamado a juicio disciplinario y suspendido por tres meses, inform\u00f3 el mi\u00e9rcoles la Procuradur\u00eda al hallar posibles irregularidades durante un millonario proceso de licitaci\u00f3n para elaborar pasaportes. La suspensi\u00f3n es de efecto inmediato y podr\u00eda prorrogarse por otros tres meses, seg\u00fan la ley colombiana que rige las investigaciones disciplinarias. Leyva no [&hellip;]<\/p>\n","protected":false},"author":35,"featured_media":136832,"comment_status":"open","ping_status":"open","sticky":false,"template":"","format":"standard","meta":{"_monsterinsights_skip_tracking":false,"_monsterinsights_sitenote_active":false,"_monsterinsights_sitenote_note":"","_monsterinsights_sitenote_category":0,"footnotes":""},"categories":[181],"tags":[3643,207,3803,24320,3596,5718],"class_list":["post-136828","post","type-post","status-publish","format-standard","has-post-thumbnail","hentry","category-internacional","tag-canciller","tag-colombia","tag-licitacion","tag-pasaportes","tag-polemica","tag-suspenden","wp-image-borders"],"amp_enabled":true,"_links":{"self":[{"href":"https:\/\/nvnoticias.mx\/index.php\/wp-json\/wp\/v2\/posts\/136828","targetHints":{"allow":["GET"]}}],"collection":[{"href":"https:\/\/nvnoticias.mx\/index.php\/wp-json\/wp\/v2\/posts"}],"about":[{"href":"https:\/\/nvnoticias.mx\/index.php\/wp-json\/wp\/v2\/types\/post"}],"author":[{"embeddable":true,"href":"https:\/\/nvnoticias.mx\/index.php\/wp-json\/wp\/v2\/users\/35"}],"replies":[{"embeddable":true,"href":"https:\/\/nvnoticias.mx\/index.php\/wp-json\/wp\/v2\/comments?post=136828"}],"version-history":[{"count":4,"href":"https:\/\/nvnoticias.mx\/index.php\/wp-json\/wp\/v2\/posts\/136828\/revisions"}],"predecessor-version":[{"id":136833,"href":"https:\/\/nvnoticias.mx\/index.php\/wp-json\/wp\/v2\/posts\/136828\/revisions\/136833"}],"wp:featuredmedia":[{"embeddable":true,"href":"https:\/\/nvnoticias.mx\/index.php\/wp-json\/wp\/v2\/media\/136832"}],"wp:attachment":[{"href":"https:\/\/nvnoticias.mx\/index.php\/wp-json\/wp\/v2\/media?parent=136828"}],"wp:term":[{"taxonomy":"category","embeddable":true,"href":"https:\/\/nvnoticias.mx\/index.php\/wp-json\/wp\/v2\/categories?post=136828"},{"taxonomy":"post_tag","embeddable":true,"href":"https:\/\/nvnoticias.mx\/index.php\/wp-json\/wp\/v2\/tags?post=136828"}],"curies":[{"name":"wp","href":"https:\/\/api.w.org\/{rel}","templated":true}]}}