{"id":1368,"date":"2021-01-16T14:10:59","date_gmt":"2021-01-16T20:10:59","guid":{"rendered":"https:\/\/nvnoticias.mx\/?p=1368"},"modified":"2021-01-16T14:11:00","modified_gmt":"2021-01-16T20:11:00","slug":"afirma-amlo-que-mexico-tiene-trato-especial-para-conseguir-vacunas","status":"publish","type":"post","link":"https:\/\/nvnoticias.mx\/index.php\/2021\/01\/16\/afirma-amlo-que-mexico-tiene-trato-especial-para-conseguir-vacunas\/","title":{"rendered":"Afirma AMLO que M\u00e9xico tiene trato especial para conseguir vacunas"},"content":{"rendered":"\n<p>Durante la supervisi\u00f3n del programa Sembrando Vida en Petatl\u00e1n, Guerrero, el presidente Andr\u00e9s Manuel L\u00f3pez Obrador asegur\u00f3 que M\u00e9xico posee consideraciones especiales para conseguir la vacuna contra el covid-19.<\/p>\n\n\n\n<blockquote class=\"wp-block-quote is-layout-flow wp-block-quote-is-layout-flow\"><p>\u201cM\u00e9xico, por tener muy buenas relaciones con otros pueblos y otros gobiernos del mundo, tiene una atenci\u00f3n especial, por eso nos han llegado vacunas. En Am\u00e9rica Latina somos el pa\u00eds que m\u00e1s vacunas hemos aplicado, pero nos falta, estamos comenzando\u201d, coment\u00f3.<\/p><\/blockquote>\n\n\n\n<p>El mandatario dijo que en el pa\u00eds ya se cuenta con la vacuna de Pfizer, pero sostuvo que se llevan a cabo m\u00faltiples esfuerzos para contar con un mayor n\u00famero de opciones.<\/p>\n\n\n\n<blockquote class=\"wp-block-quote is-layout-flow wp-block-quote-is-layout-flow\"><p>\u201cYa comenzamos con los m\u00e9dicos, espero que, en dos semanas, en 15 d\u00edas, tres semanas cuando mucho, terminemos de vacunar en todos los hospitales covid-19\u201d, indic\u00f3.<\/p><\/blockquote>\n\n\n\n<figure class=\"wp-block-embed is-type-video is-provider-youtube wp-block-embed-youtube wp-embed-aspect-16-9 wp-has-aspect-ratio\"><div class=\"wp-block-embed__wrapper\">\n<iframe loading=\"lazy\"  id=\"_ytid_12008\"  width=\"880\" height=\"495\"  data-origwidth=\"880\" data-origheight=\"495\"  data-relstop=\"1\" src=\"https:\/\/www.youtube.com\/embed\/3iqEIReeuvc?enablejsapi=1&#038;autoplay=0&#038;cc_load_policy=0&#038;cc_lang_pref=&#038;iv_load_policy=1&#038;loop=0&#038;rel=0&#038;fs=1&#038;playsinline=0&#038;autohide=2&#038;theme=dark&#038;color=red&#038;controls=1&#038;\" class=\"__youtube_prefs__  epyt-is-override  no-lazyload\" title=\"YouTube player\"  allow=\"fullscreen; accelerometer; autoplay; clipboard-write; encrypted-media; gyroscope; picture-in-picture; web-share\" referrerpolicy=\"strict-origin-when-cross-origin\" allowfullscreen data-no-lazy=\"1\" data-skipgform_ajax_framebjll=\"\"><\/iframe>\n<\/div><\/figure>\n\n\n\n<p><a href=\"Fuente: Milenio\" data-type=\"URL\" data-id=\"Fuente: Milenio\">Fuente: <\/a><a href=\"https:\/\/www.milenio.com\/politica\/mexico-atencion-especial-vacunas-covid-19-amlo\" data-type=\"URL\">Milenio<\/a><\/p>\n","protected":false},"excerpt":{"rendered":"<p>Durante la supervisi\u00f3n del programa Sembrando Vida en Petatl\u00e1n, Guerrero, el presidente Andr\u00e9s Manuel L\u00f3pez Obrador asegur\u00f3 que M\u00e9xico posee consideraciones especiales para conseguir la vacuna contra el covid-19. \u201cM\u00e9xico, por tener muy buenas relaciones con otros pueblos y otros gobiernos del mundo, tiene una atenci\u00f3n especial, por eso nos han llegado vacunas. En Am\u00e9rica [&hellip;]<\/p>\n","protected":false},"author":6,"featured_media":1369,"comment_status":"open","ping_status":"open","sticky":false,"template":"","format":"standard","meta":{"_monsterinsights_skip_tracking":false,"_monsterinsights_sitenote_active":false,"_monsterinsights_sitenote_note":"","_monsterinsights_sitenote_category":0,"footnotes":""},"categories":[157],"tags":[188,175,162,217],"class_list":["post-1368","post","type-post","status-publish","format-standard","has-post-thumbnail","hentry","category-nacional","tag-amlo","tag-covid-19","tag-portada","tag-vacuna","wp-image-borders"],"amp_enabled":true,"_links":{"self":[{"href":"https:\/\/nvnoticias.mx\/index.php\/wp-json\/wp\/v2\/posts\/1368","targetHints":{"allow":["GET"]}}],"collection":[{"href":"https:\/\/nvnoticias.mx\/index.php\/wp-json\/wp\/v2\/posts"}],"about":[{"href":"https:\/\/nvnoticias.mx\/index.php\/wp-json\/wp\/v2\/types\/post"}],"author":[{"embeddable":true,"href":"https:\/\/nvnoticias.mx\/index.php\/wp-json\/wp\/v2\/users\/6"}],"replies":[{"embeddable":true,"href":"https:\/\/nvnoticias.mx\/index.php\/wp-json\/wp\/v2\/comments?post=1368"}],"version-history":[{"count":1,"href":"https:\/\/nvnoticias.mx\/index.php\/wp-json\/wp\/v2\/posts\/1368\/revisions"}],"predecessor-version":[{"id":1370,"href":"https:\/\/nvnoticias.mx\/index.php\/wp-json\/wp\/v2\/posts\/1368\/revisions\/1370"}],"wp:featuredmedia":[{"embeddable":true,"href":"https:\/\/nvnoticias.mx\/index.php\/wp-json\/wp\/v2\/media\/1369"}],"wp:attachment":[{"href":"https:\/\/nvnoticias.mx\/index.php\/wp-json\/wp\/v2\/media?parent=1368"}],"wp:term":[{"taxonomy":"category","embeddable":true,"href":"https:\/\/nvnoticias.mx\/index.php\/wp-json\/wp\/v2\/categories?post=1368"},{"taxonomy":"post_tag","embeddable":true,"href":"https:\/\/nvnoticias.mx\/index.php\/wp-json\/wp\/v2\/tags?post=1368"}],"curies":[{"name":"wp","href":"https:\/\/api.w.org\/{rel}","templated":true}]}}