{"id":136792,"date":"2024-01-24T12:48:55","date_gmt":"2024-01-24T18:48:55","guid":{"rendered":"https:\/\/nvnoticias.mx\/?p=136792"},"modified":"2024-01-24T12:48:57","modified_gmt":"2024-01-24T18:48:57","slug":"obra-de-juan-pablo-segundo-lleva-80-por-ciento-de-avance","status":"publish","type":"post","link":"https:\/\/nvnoticias.mx\/index.php\/2024\/01\/24\/obra-de-juan-pablo-segundo-lleva-80-por-ciento-de-avance\/","title":{"rendered":"Obra de Juan Pablo Segundo lleva 80 por ciento de avance"},"content":{"rendered":"\n<p><strong>Jes\u00fas Utrilla \/ NV Noticias <\/strong><\/p>\n\n\n\n<p>La obra de rehabilitaci\u00f3n de la avenida Juan Pablo Segundo en Boca del R\u00edo lleva un 80 por ciento de avance. <\/p>\n\n\n\n<p>En cuatro semanas ser\u00e1 inaugurada la segunda y tercera etapa afirm\u00f3 el alcalde Juan Manuel Unanue Abascal.<\/p>\n\n\n\n<p>Est\u00e1 pendiente por inaugurarse la avenida Heriberto Jara que es paralela a Ej\u00e9rcito Mexicano. <\/p>\n\n\n\n<p>Ah\u00ed se hace drenaje y coloca concreto hidr\u00e1ulico.<\/p>\n\n\n\n<blockquote class=\"wp-block-quote is-layout-flow wp-block-quote-is-layout-flow\"><p>\u201cTenemos pendiente de inaugurar y estimamos tambi\u00e9n cuatro semanas la avenida Independencia en la colonia R\u00edo Jamapa. Est\u00e1n pendientes estas tres obras del a\u00f1o pasado y vamos en tiempo y forma\u201d.<\/p><\/blockquote>\n","protected":false},"excerpt":{"rendered":"<p>Jes\u00fas Utrilla \/ NV Noticias La obra de rehabilitaci\u00f3n de la avenida Juan Pablo Segundo en Boca del R\u00edo lleva un 80 por ciento de avance. En cuatro semanas ser\u00e1 inaugurada la segunda y tercera etapa afirm\u00f3 el alcalde Juan Manuel Unanue Abascal. Est\u00e1 pendiente por inaugurarse la avenida Heriberto Jara que es paralela a [&hellip;]<\/p>\n","protected":false},"author":8,"featured_media":136796,"comment_status":"open","ping_status":"open","sticky":false,"template":"","format":"standard","meta":{"_monsterinsights_skip_tracking":false,"_monsterinsights_sitenote_active":false,"_monsterinsights_sitenote_note":"","_monsterinsights_sitenote_category":0,"footnotes":""},"categories":[154],"tags":[423,26468,2524],"class_list":["post-136792","post","type-post","status-publish","format-standard","has-post-thumbnail","hentry","category-veracruz","tag-boca-del-rio","tag-juan-pablo-ii","tag-obra","wp-image-borders"],"amp_enabled":true,"_links":{"self":[{"href":"https:\/\/nvnoticias.mx\/index.php\/wp-json\/wp\/v2\/posts\/136792","targetHints":{"allow":["GET"]}}],"collection":[{"href":"https:\/\/nvnoticias.mx\/index.php\/wp-json\/wp\/v2\/posts"}],"about":[{"href":"https:\/\/nvnoticias.mx\/index.php\/wp-json\/wp\/v2\/types\/post"}],"author":[{"embeddable":true,"href":"https:\/\/nvnoticias.mx\/index.php\/wp-json\/wp\/v2\/users\/8"}],"replies":[{"embeddable":true,"href":"https:\/\/nvnoticias.mx\/index.php\/wp-json\/wp\/v2\/comments?post=136792"}],"version-history":[{"count":1,"href":"https:\/\/nvnoticias.mx\/index.php\/wp-json\/wp\/v2\/posts\/136792\/revisions"}],"predecessor-version":[{"id":136797,"href":"https:\/\/nvnoticias.mx\/index.php\/wp-json\/wp\/v2\/posts\/136792\/revisions\/136797"}],"wp:featuredmedia":[{"embeddable":true,"href":"https:\/\/nvnoticias.mx\/index.php\/wp-json\/wp\/v2\/media\/136796"}],"wp:attachment":[{"href":"https:\/\/nvnoticias.mx\/index.php\/wp-json\/wp\/v2\/media?parent=136792"}],"wp:term":[{"taxonomy":"category","embeddable":true,"href":"https:\/\/nvnoticias.mx\/index.php\/wp-json\/wp\/v2\/categories?post=136792"},{"taxonomy":"post_tag","embeddable":true,"href":"https:\/\/nvnoticias.mx\/index.php\/wp-json\/wp\/v2\/tags?post=136792"}],"curies":[{"name":"wp","href":"https:\/\/api.w.org\/{rel}","templated":true}]}}