{"id":136738,"date":"2024-01-23T19:07:33","date_gmt":"2024-01-24T01:07:33","guid":{"rendered":"https:\/\/nvnoticias.mx\/?p=136738"},"modified":"2024-01-23T19:07:34","modified_gmt":"2024-01-24T01:07:34","slug":"a-que-convoca-xochitl","status":"publish","type":"post","link":"https:\/\/nvnoticias.mx\/index.php\/2024\/01\/23\/a-que-convoca-xochitl\/","title":{"rendered":"\u00bfA qu\u00e9 convoca X\u00f3chitl?"},"content":{"rendered":"\n<p><strong>Ricardo Homs<\/strong><\/p>\n\n\n\n<p>Los l\u00edderes convocan a una causa que generalmente es sensible y muy disruptiva. Lo hizo L\u00f3pez Obrador convocando a M\u00e9xico a erradicar la corrupci\u00f3n y hoy es el presidente de M\u00e9xico.<\/p>\n\n\n\n<p>Las causas sociales son un llamado a la acci\u00f3n que unifica voluntades de una forma f\u00e1cil y entendible. Lo hizo Martin Luther King exigiendo igualdad de derechos para los afroamericanos en estados Unidos y Mandela en Sud\u00e1frica para exigir el fin del \u201capartheid\u201d que segregaba a la gente de color. Lo est\u00e1 haciendo Malala, la joven pakistan\u00ed que enfrent\u00f3 a un sistema represivo de los talibanes, que imped\u00eda a las ni\u00f1as acceder a la educaci\u00f3n. Lo est\u00e1n haciendo mujeres l\u00edderes iran\u00edes, -como Mahsa-, quien se enfrent\u00f3 al sistema religioso que reprime a las mujeres y les obliga a seguir un c\u00f3digo de vestimenta denigrante y tolera el acoso sexual; lo hizo al precio de su propia vida. Tambi\u00e9n lo est\u00e1 haciendo la jovencita Greta Thunberg, l\u00edder ambientalista sueca que est\u00e1 exigiendo a los gobiernos del mundo pol\u00edticas p\u00fablicas para combatir al cambio clim\u00e1tico.<\/p>\n\n\n\n<p>Lo hizo Vicente Fox para sacar al PRI de Los Pinos despu\u00e9s de 70 a\u00f1os de gobierno y lo est\u00e1 volviendo a hacer Trump para regresar a la presidencia, convocando a los norteamericanos a \u201cvolver a hacer grande a su pa\u00eds\u201d, reconociendo que \u00e9ste ha perdido liderazgo en el mundo.<\/p>\n\n\n\n<p>\u00bfA qu\u00e9 convocar\u00e1 X\u00f3chitl al pueblo de M\u00e9xico para que se le de la oportunidad de gobernar este gran pa\u00eds, que est\u00e1 sumido en la mayor crisis de violencia que se tenga historia?<\/p>\n\n\n\n<p>Sin embargo, en el contexto de hoy vemos que desde las \u201cma\u00f1aneras\u201d, -desde hace tiempo-, se plantea a la ciudadan\u00eda que las elecciones de este 2024 no ofrecen mas que dos opciones: la continuidad de la 4T, -o entonces-, regresar al pasado de corrupci\u00f3n, abusos y privilegios de los conservadores. Sobre este planteamiento es que Claudia Sheinbaum ofrece al electorado construirle el segundo piso a la 4T.<\/p>\n\n\n\n<p>Desde el poder el presidente L\u00f3pez Obrador impuso la agenda tem\u00e1tica de campa\u00f1a sobre la que hasta hoy compiten las dos candidatas y el nuevo participante Jorge \u00c1lvarez M\u00e1ynez, impulsado por MC.<\/p>\n\n\n\n<p>\u201cNo es opci\u00f3n regresar al pasado de corrupci\u00f3n, abuso y canonj\u00edas para beneficio de unos cuantos\u201d, dicen L\u00f3pez Obrador y la Sheinbaum, asignando, -por contraste-, a X\u00f3chitl el rol de representar al pasado corrupto y de abusos. Sin embargo, casi la totalidad de los mexicanos ya no queremos volver a vivir este pasado reciente. Efectivamente, volver al pasado no es opci\u00f3n.<\/p>\n\n\n\n<p>Por tanto, lo que debe hacer X\u00f3chitl es deslindarse de esa etiqueta que le ha impuesto el \u201cse\u00f1or de las ma\u00f1aneras\u201d, nombr\u00e1ndola la representante de los conservadores, los neoliberales y las oligarqu\u00edas que han construido este pa\u00eds lleno de injusticias y agravios.<\/p>\n\n\n\n<p>X\u00f3chitl trae ya una nueva narrativa desde el domingo pasado\u2026 muy acertada para nuestra clase media que es acosada continuamente por la 4T.<\/p>\n\n\n\n<p>Sin embargo, para convencer y obtener el voto de los sectores agraviados por la 4T y el \u201cobradorato\u201d, no s\u00f3lo se necesita se\u00f1alar los agravios, -como ella lo est\u00e1 haciendo-, sino<\/p>\n\n\n\n<p>convocar a este sector que hoy est\u00e1 incr\u00e9dulo con las promesas de los pol\u00edticos, a participar con su voto, para evitar que esas malas pr\u00e1cticas se repitan en el futuro y vuelvan a da\u00f1ar a varios millones de mexicanos m\u00e1s.<\/p>\n\n\n\n<p>X\u00f3chitl debe desnudar a la 4T a partir de sus agravios y de su indiferencia ante las m\u00e1s sensibles problem\u00e1ticas humanas, como lo es el derecho a la seguridad f\u00edsica y la patrimonial, as\u00ed como el derecho a la salud.<\/p>\n\n\n\n<p>Debe adjudicarle a la 4T la identidad de ser mucho m\u00e1s de lo que ellos mismos criticaron a los gobiernos panistas y pri\u00edsta, cuando no gobernaban y eran oposici\u00f3n.<\/p>\n\n\n\n<p>X\u00f3chitl debe visualizar un nuevo modelo de pa\u00eds, proyectarlo y compartirlo de modo seductor.<\/p>\n\n\n\n<p>Evidentemente sus spots ya describen una propuesta que refleja intenciones, pero esta debe consolidarse en una causa que est\u00e9 negada para que la pudiese enarbolar su contrincante.<\/p>\n\n\n\n<p>Si a Claudia no le queda mas que ofrecer la continuidad del actual modelo de gobierno fracasado, -que d\u00eda tras d\u00eda agravia a las familias mexicanas-, a X\u00f3chitl le corresponde plantear que coincide con sus adversarios pol\u00edticos de la 4T, respecto a que \u201cregresar al pasado de privilegios para unos cuantos\u2026 \u00a1no es opci\u00f3n!\u201d.<\/p>\n\n\n\n<p>La narrativa de X\u00f3chitl debe desnudar al pasado de modo integral, independientemente de todos los partidos que ya gobernaron y empobrecieron desde hace muchos a\u00f1os a millones de familias mexicanas. Por tanto, X\u00f3chitl debe reconocer que el modelo social y pol\u00edtico actual y vigente ya di\u00f3 de s\u00ed y es obsoleto para responder a las necesidades de los mexicanos de hoy, y adem\u00e1s es impresentable para dejarlo como legado para las nuevas generaciones.<\/p>\n\n\n\n<p>Debe tomar como referencia la gran frase del polit\u00f3logo italiano Antonio Gramsci, que hace exactamente cien a\u00f1os dec\u00eda que \u201clas crisis llegan cuando lo viejo no termina de morir y lo nuevo no acaba de nacer\u201d.<\/p>\n\n\n\n<p>De este modo ella debe tomar el liderazgo de un movimiento para facilitar la transici\u00f3n a ese pa\u00eds radicalmente nuevo que todos queremos, creando, -desde nuevas estructuras sociales y pol\u00edticas-, un modelo humanista de verdad y no sustentado en palabrer\u00eda y demagogia.<\/p>\n\n\n\n<p>Debe convocar a la uni\u00f3n de todos los mexicanos para construir juntos esta nueva naci\u00f3n que todos queremos ver nacer.<\/p>\n\n\n\n<p>A su vez, debe reposicionar a la 4T como un modelo parchado, un Frankenstein que suma todos los vicios sociales y pol\u00edticos que nos est\u00e1n llevando a la descomposici\u00f3n social y a la confrontaci\u00f3n entre mexicanos. Y todo\u2026 por retener el poder.<\/p>\n\n\n\n<p>X\u00f3chitl debe convocar a construir un nuevo modelo de pa\u00eds totalmente diferente al actual.<\/p>\n\n\n\n<p>LO PERDIDO Vs. LO GANADO<\/p>\n\n\n\n<p>Quiz\u00e1 el secretario de la SEDENA no ha hecho un balance objetivo respecto al impacto que ha tenido en la imagen p\u00fablica del Ej\u00e9rcito, la reorientaci\u00f3n de sus actividades hacia el \u00e1mbito civil y empresarial, en estos \u00faltimos cinco a\u00f1os.<\/p>\n\n\n\n<p>El Ej\u00e9rcito se ha convertido en un activo pol\u00edtico de la 4T y del presidente de la rep\u00fablica, -quien le ha asignado a esta importante instituci\u00f3n mucho poder en la vida civil del pa\u00eds-, pero a cambio, -seg\u00fan la percepci\u00f3n ciudadana-, le ha desenfocado de sus verdaderas prioridades y ha dejado a la poblaci\u00f3n civil de muchas regiones de M\u00e9xico en posici\u00f3n de indefensi\u00f3n.<\/p>\n\n\n\n<p>Lo sucedido en Chicomuselo, Chiapas, donde la poblaci\u00f3n impidi\u00f3 el paso al Ej\u00e9rcito y se enfrent\u00f3 a \u00e9l, as\u00ed como las ovaciones y aplausos recibidos en Siltepec y Bellavista, Chiapas, por la caravana de un c\u00e1rtel, as\u00ed como el video que circula en redes sociales donde mujeres de la etnia Wixaritari, de Jalisco, se dirigen a quien encabeza un c\u00e1rtel pidiendo su intervenci\u00f3n para resolver el incremento de la violencia en su comunidad, son muy reveladoras del sentir del pueblo de M\u00e9xico. Esto refleja el sentimiento de impotencia y vulnerabilidad de los pobladores de las regiones asoladas por la delincuencia, y su decepci\u00f3n porque no reciben el apoyo de las autoridades.<\/p>\n\n\n\n<p>Esto sucede s\u00f3lo en ciertas regiones de M\u00e9xico, -es cierto-, como por ejemplo en el tri\u00e1ngulo entre Michoac\u00e1n, Jalisco y Edomex, donde hay una situaci\u00f3n casi de guerra, donde la poblaci\u00f3n civil es sometida a bombardeos con drones y obligada a abandonar su casa y sus tierras.<\/p>\n\n\n\n<p>Sin embargo, este contexto crece a pasos agigantados hacia otras regiones del pa\u00eds donde la delincuencia tiene el control, frente a la pasividad de las autoridades.<\/p>\n\n\n\n<p>Es urgente rescatar el cari\u00f1o y admiraci\u00f3n que siempre la sociedad mexicana ha sentido por su Ej\u00e9rcito. Sin embargo, hoy lo siente ausente de donde debe estar.<\/p>\n\n\n\n<p>El Ej\u00e9rcito Mexicano es uno de los de Latinoam\u00e9rica que jam\u00e1s ha tomado el control pol\u00edtico de su pa\u00eds, como s\u00ed lo han hecho en otras naciones, en Sudam\u00e9rica.<\/p>\n\n\n\n<p>Esta institucionalidad genera reconocimiento y la percepci\u00f3n ciudadana de que es una organizaci\u00f3n militar cercana a la gente, pues representa seguridad, solidaridad y respeto a la democracia.<\/p>\n\n\n\n<p>Sin embargo, en estos \u00faltimos a\u00f1os la percepci\u00f3n p\u00fablica ha dado un giro radical, pues considera que al asumir responsabilidades y encomiendas ajenas a su vocaci\u00f3n castrense, deja un vac\u00edo en el \u00e1mbito de la seguridad nacional.<\/p>\n\n\n\n<p>La reflexi\u00f3n respecto a este tema se vuelve fundamental por la importancia que tienen las Fuerzas Armadas para la vida de M\u00e9xico y los mexicanos.<\/p>\n","protected":false},"excerpt":{"rendered":"<p>Ricardo Homs Los l\u00edderes convocan a una causa que generalmente es sensible y muy disruptiva. Lo hizo L\u00f3pez Obrador convocando a M\u00e9xico a erradicar la corrupci\u00f3n y hoy es el presidente de M\u00e9xico. Las causas sociales son un llamado a la acci\u00f3n que unifica voluntades de una forma f\u00e1cil y entendible. Lo hizo Martin Luther [&hellip;]<\/p>\n","protected":false},"author":18,"featured_media":119430,"comment_status":"open","ping_status":"open","sticky":false,"template":"","format":"standard","meta":{"_monsterinsights_skip_tracking":false,"_monsterinsights_sitenote_active":false,"_monsterinsights_sitenote_note":"","_monsterinsights_sitenote_category":0,"footnotes":""},"categories":[246],"tags":[173],"class_list":["post-136738","post","type-post","status-publish","format-standard","has-post-thumbnail","hentry","category-ricardo-homs","tag-ricardo-homs","wp-image-borders"],"amp_enabled":true,"_links":{"self":[{"href":"https:\/\/nvnoticias.mx\/index.php\/wp-json\/wp\/v2\/posts\/136738","targetHints":{"allow":["GET"]}}],"collection":[{"href":"https:\/\/nvnoticias.mx\/index.php\/wp-json\/wp\/v2\/posts"}],"about":[{"href":"https:\/\/nvnoticias.mx\/index.php\/wp-json\/wp\/v2\/types\/post"}],"author":[{"embeddable":true,"href":"https:\/\/nvnoticias.mx\/index.php\/wp-json\/wp\/v2\/users\/18"}],"replies":[{"embeddable":true,"href":"https:\/\/nvnoticias.mx\/index.php\/wp-json\/wp\/v2\/comments?post=136738"}],"version-history":[{"count":1,"href":"https:\/\/nvnoticias.mx\/index.php\/wp-json\/wp\/v2\/posts\/136738\/revisions"}],"predecessor-version":[{"id":136739,"href":"https:\/\/nvnoticias.mx\/index.php\/wp-json\/wp\/v2\/posts\/136738\/revisions\/136739"}],"wp:featuredmedia":[{"embeddable":true,"href":"https:\/\/nvnoticias.mx\/index.php\/wp-json\/wp\/v2\/media\/119430"}],"wp:attachment":[{"href":"https:\/\/nvnoticias.mx\/index.php\/wp-json\/wp\/v2\/media?parent=136738"}],"wp:term":[{"taxonomy":"category","embeddable":true,"href":"https:\/\/nvnoticias.mx\/index.php\/wp-json\/wp\/v2\/categories?post=136738"},{"taxonomy":"post_tag","embeddable":true,"href":"https:\/\/nvnoticias.mx\/index.php\/wp-json\/wp\/v2\/tags?post=136738"}],"curies":[{"name":"wp","href":"https:\/\/api.w.org\/{rel}","templated":true}]}}