{"id":136534,"date":"2024-01-22T13:53:31","date_gmt":"2024-01-22T19:53:31","guid":{"rendered":"https:\/\/nvnoticias.mx\/?p=136534"},"modified":"2024-01-22T13:53:32","modified_gmt":"2024-01-22T19:53:32","slug":"colectivos-espera-autorizaciones-para-buscar-restos-en-predios","status":"publish","type":"post","link":"https:\/\/nvnoticias.mx\/index.php\/2024\/01\/22\/colectivos-espera-autorizaciones-para-buscar-restos-en-predios\/","title":{"rendered":"Colectivos espera autorizaciones para buscar restos en predios"},"content":{"rendered":"\n<p><strong>Jes\u00fas Utrilla \/ NV Noticias<\/strong><\/p>\n\n\n\n<p>Los colectivos de desaparecidos en la zona Veracruz-Boca del R\u00edo esperan obtener una orden judicial para continuar con la b\u00fasqueda de restos en predios, seg\u00fan inform\u00f3 Geiser Manuel Caso Molinari, delegado estatal de la Comisi\u00f3n Estatal de los Derechos Humanos.<\/p>\n\n\n\n<p>Durante este a\u00f1o, los colectivos de desaparecidos continuar\u00e1n con sus esfuerzos de b\u00fasqueda, pero la obtenci\u00f3n de la orden judicial se ha vuelto crucial para avanzar en sus investigaciones. <\/p>\n\n\n\n<p>La colaboraci\u00f3n estrecha entre la Comisi\u00f3n Estatal de los Derechos Humanos y estos grupos es fundamental para abordar la problem\u00e1tica de las desapariciones y garantizar la efectividad en las investigaciones.<\/p>\n\n\n\n<p>Geiser Manuel Caso Molinari destac\u00f3 la colaboraci\u00f3n activa con diversos colectivos en la zona conurbada Veracruz-Boca del R\u00edo y en los municipios correspondientes, quienes han solicitado el acompa\u00f1amiento de la Comisi\u00f3n Estatal de los Derechos Humanos para agilizar o reactivar sus b\u00fasquedas en zonas de dif\u00edcil acceso.<\/p>\n\n\n\n<p>En medio de la espera de la orden judicial, surge la necesidad de fortalecer los mecanismos de colaboraci\u00f3n para abordar eficazmente esta problem\u00e1tica y obtener respuestas claras.<\/p>\n\n\n\n<p>El delegado reconoci\u00f3 la falta de impulso y recursos para los colectivos, quienes a menudo abandonan sus empleos en la b\u00fasqueda constante de sus seres queridos.<\/p>\n\n\n\n<p>La Comisi\u00f3n Estatal de los Derechos Humanos reafirm\u00f3 su compromiso para apoyar con la gesti\u00f3n de tr\u00e1mites que los colectivos necesiten en su b\u00fasqueda incansable de sus familiares desaparecidos.<\/p>\n","protected":false},"excerpt":{"rendered":"<p>Jes\u00fas Utrilla \/ NV Noticias Los colectivos de desaparecidos en la zona Veracruz-Boca del R\u00edo esperan obtener una orden judicial para continuar con la b\u00fasqueda de restos en predios, seg\u00fan inform\u00f3 Geiser Manuel Caso Molinari, delegado estatal de la Comisi\u00f3n Estatal de los Derechos Humanos. Durante este a\u00f1o, los colectivos de desaparecidos continuar\u00e1n con sus [&hellip;]<\/p>\n","protected":false},"author":8,"featured_media":136535,"comment_status":"open","ping_status":"open","sticky":false,"template":"","format":"standard","meta":{"_monsterinsights_skip_tracking":false,"_monsterinsights_sitenote_active":false,"_monsterinsights_sitenote_note":"","_monsterinsights_sitenote_category":0,"footnotes":""},"categories":[154],"tags":[18533,2206,360,678],"class_list":["post-136534","post","type-post","status-publish","format-standard","has-post-thumbnail","hentry","category-veracruz","tag-autorizacion","tag-busqueda","tag-colectivos","tag-restos-humanos","wp-image-borders"],"amp_enabled":true,"_links":{"self":[{"href":"https:\/\/nvnoticias.mx\/index.php\/wp-json\/wp\/v2\/posts\/136534","targetHints":{"allow":["GET"]}}],"collection":[{"href":"https:\/\/nvnoticias.mx\/index.php\/wp-json\/wp\/v2\/posts"}],"about":[{"href":"https:\/\/nvnoticias.mx\/index.php\/wp-json\/wp\/v2\/types\/post"}],"author":[{"embeddable":true,"href":"https:\/\/nvnoticias.mx\/index.php\/wp-json\/wp\/v2\/users\/8"}],"replies":[{"embeddable":true,"href":"https:\/\/nvnoticias.mx\/index.php\/wp-json\/wp\/v2\/comments?post=136534"}],"version-history":[{"count":1,"href":"https:\/\/nvnoticias.mx\/index.php\/wp-json\/wp\/v2\/posts\/136534\/revisions"}],"predecessor-version":[{"id":136536,"href":"https:\/\/nvnoticias.mx\/index.php\/wp-json\/wp\/v2\/posts\/136534\/revisions\/136536"}],"wp:featuredmedia":[{"embeddable":true,"href":"https:\/\/nvnoticias.mx\/index.php\/wp-json\/wp\/v2\/media\/136535"}],"wp:attachment":[{"href":"https:\/\/nvnoticias.mx\/index.php\/wp-json\/wp\/v2\/media?parent=136534"}],"wp:term":[{"taxonomy":"category","embeddable":true,"href":"https:\/\/nvnoticias.mx\/index.php\/wp-json\/wp\/v2\/categories?post=136534"},{"taxonomy":"post_tag","embeddable":true,"href":"https:\/\/nvnoticias.mx\/index.php\/wp-json\/wp\/v2\/tags?post=136534"}],"curies":[{"name":"wp","href":"https:\/\/api.w.org\/{rel}","templated":true}]}}