{"id":136407,"date":"2024-01-20T09:52:12","date_gmt":"2024-01-20T15:52:12","guid":{"rendered":"https:\/\/nvnoticias.mx\/?p=136407"},"modified":"2024-01-20T09:52:14","modified_gmt":"2024-01-20T15:52:14","slug":"la-anam-invierte-mas-de-2-mmdp-en-nueva-aduana-de-veracruz","status":"publish","type":"post","link":"https:\/\/nvnoticias.mx\/index.php\/2024\/01\/20\/la-anam-invierte-mas-de-2-mmdp-en-nueva-aduana-de-veracruz\/","title":{"rendered":"La ANAM invierte m\u00e1s de 2 mmdp en nueva aduana de Veracruz"},"content":{"rendered":"\n<p><br><strong>\u00a0Jes\u00fas Utrilla | NV Noticias<\/strong> <\/p>\n\n\n\n<p>Veracruz, Ver. La Agencia Nacional de Aduanas de M\u00e9xico invirti\u00f3 m\u00e1s de 2 mil 300 millones de pesos en la construcci\u00f3n de la nueva aduana del Puerto de Veracruz, lo que colocar\u00e1 al recinto portuario como la gran puerta para la exportaci\u00f3n, se\u00f1al\u00f3 Gerardo C\u00e1rdenas Hern\u00e1ndez, presidente del Consejo Empresarial Mexicano de Comercio Exterior, Inversi\u00f3n y Tecnolog\u00eda (COMCE) Veracruz. Insisti\u00f3 en que esta inyecci\u00f3n financiera no solo transformar\u00e1 las instalaciones aduaneras, sino que tambi\u00e9n consolidar\u00e1 al puerto como una puerta estrat\u00e9gica para la exportaci\u00f3n, no solo en M\u00e9xico sino potencialmente en toda Latinoam\u00e9rica.<\/p>\n\n\n\n<blockquote class=\"wp-block-quote is-layout-flow wp-block-quote-is-layout-flow\"><p>\u201cLa perspectiva para Veracruz es impresionante para el puerto, Debemos recordar que el recinto portuario est\u00e1 creciendo. Hay proyectos a mediano y largo plazo y hay un potencial enorme para el recinto portuario de Veracruz, que es el n\u00famero uno de M\u00e9xico y ser\u00e1 el n\u00famero uno de Latinoam\u00e9rica, indudablemente, pero tambi\u00e9n por las inversiones de la Agencia Nacional de Aduanas de M\u00e9xico\u201d.<\/p><\/blockquote>\n\n\n\n<p>Destac\u00f3 la relevancia del cierre 2023 del comercio internacional, resaltando tanto las operaciones de exportaci\u00f3n como de importaci\u00f3n. En este contexto, plante\u00f3 el desaf\u00edo de aumentar los env\u00edos de mercanc\u00eda al exterior y reducir la introducci\u00f3n que se realiza para fortalecer el mercado interno.<br>En ese sentido, el presidente del COMCE Veracruz no solo llam\u00f3 a la acci\u00f3n sino que tambi\u00e9n inst\u00f3 a la colaboraci\u00f3n y alineaci\u00f3n de esfuerzos en todos los sectores. En su visi\u00f3n, la fortaleza de la oferta nacional no solo reducir\u00e1 la dependencia de importaciones, sino que tambi\u00e9n contribuir\u00e1 a posicionar a M\u00e9xico como un actor clave en el escenario internacional del comercio.<\/p>\n\n\n\n<blockquote class=\"wp-block-quote is-layout-flow wp-block-quote-is-layout-flow\"><p>\u201cEl cierre fue impresionante del comercio internacional ya sea exportaci\u00f3n o importaci\u00f3n. Debemos luchar por tratar de incrementar el desarrollo de productos mexicanos con suficiente calidad para tratar de bajar en la medida de lo posible la importaci\u00f3n. Hay que importar pero debemos desarrollar producto y servicio mexicano\u201d.<\/p><\/blockquote>\n\n\n\n<p>La inversi\u00f3n en la nueva aduana se presenta como un catalizador para una era de crecimiento sostenible y competitividad para el Puerto de Veracruz y, por ende, para el pa\u00eds en su conjunto.<\/p>\n","protected":false},"excerpt":{"rendered":"<p>\u00a0Jes\u00fas Utrilla | NV Noticias Veracruz, Ver. La Agencia Nacional de Aduanas de M\u00e9xico invirti\u00f3 m\u00e1s de 2 mil 300 millones de pesos en la construcci\u00f3n de la nueva aduana del Puerto de Veracruz, lo que colocar\u00e1 al recinto portuario como la gran puerta para la exportaci\u00f3n, se\u00f1al\u00f3 Gerardo C\u00e1rdenas Hern\u00e1ndez, presidente del Consejo Empresarial [&hellip;]<\/p>\n","protected":false},"author":35,"featured_media":92084,"comment_status":"open","ping_status":"open","sticky":false,"template":"","format":"standard","meta":{"_monsterinsights_skip_tracking":false,"_monsterinsights_sitenote_active":false,"_monsterinsights_sitenote_note":"","_monsterinsights_sitenote_category":0,"footnotes":""},"categories":[154],"tags":[20148,13183],"class_list":["post-136407","post","type-post","status-publish","format-standard","has-post-thumbnail","hentry","category-veracruz","tag-aduana-del-puerto-de-veracruz","tag-anam","wp-image-borders"],"amp_enabled":true,"_links":{"self":[{"href":"https:\/\/nvnoticias.mx\/index.php\/wp-json\/wp\/v2\/posts\/136407","targetHints":{"allow":["GET"]}}],"collection":[{"href":"https:\/\/nvnoticias.mx\/index.php\/wp-json\/wp\/v2\/posts"}],"about":[{"href":"https:\/\/nvnoticias.mx\/index.php\/wp-json\/wp\/v2\/types\/post"}],"author":[{"embeddable":true,"href":"https:\/\/nvnoticias.mx\/index.php\/wp-json\/wp\/v2\/users\/35"}],"replies":[{"embeddable":true,"href":"https:\/\/nvnoticias.mx\/index.php\/wp-json\/wp\/v2\/comments?post=136407"}],"version-history":[{"count":1,"href":"https:\/\/nvnoticias.mx\/index.php\/wp-json\/wp\/v2\/posts\/136407\/revisions"}],"predecessor-version":[{"id":136408,"href":"https:\/\/nvnoticias.mx\/index.php\/wp-json\/wp\/v2\/posts\/136407\/revisions\/136408"}],"wp:featuredmedia":[{"embeddable":true,"href":"https:\/\/nvnoticias.mx\/index.php\/wp-json\/wp\/v2\/media\/92084"}],"wp:attachment":[{"href":"https:\/\/nvnoticias.mx\/index.php\/wp-json\/wp\/v2\/media?parent=136407"}],"wp:term":[{"taxonomy":"category","embeddable":true,"href":"https:\/\/nvnoticias.mx\/index.php\/wp-json\/wp\/v2\/categories?post=136407"},{"taxonomy":"post_tag","embeddable":true,"href":"https:\/\/nvnoticias.mx\/index.php\/wp-json\/wp\/v2\/tags?post=136407"}],"curies":[{"name":"wp","href":"https:\/\/api.w.org\/{rel}","templated":true}]}}