{"id":136242,"date":"2024-01-19T08:38:00","date_gmt":"2024-01-19T14:38:00","guid":{"rendered":"https:\/\/nvnoticias.mx\/?p=136242"},"modified":"2024-01-19T08:38:02","modified_gmt":"2024-01-19T14:38:02","slug":"la-curiosa-prohibicion-de-la-reina-isabel-ii-al-presidente-joe-biden","status":"publish","type":"post","link":"https:\/\/nvnoticias.mx\/index.php\/2024\/01\/19\/la-curiosa-prohibicion-de-la-reina-isabel-ii-al-presidente-joe-biden\/","title":{"rendered":"La curiosa prohibici\u00f3n de la reina Isabel II al presidente Joe Biden"},"content":{"rendered":"\n<p>En 2021, la primera dama de los&nbsp;<strong>Estados Unidos<\/strong>,&nbsp;<strong>Jill Biden&nbsp;<\/strong>y el presidente&nbsp;<strong>Joe Biden<\/strong>&nbsp;compartieron la hora del t\u00e9 en privado con la&nbsp;<strong>reina Isabel II&nbsp;<\/strong>en el Castillo de Windsor, un a\u00f1o antes de que esta falleciera en Balmoral, el 8 de septiembre de 2022.<\/p>\n\n\n\n<p>De este protocolario encuentro sali\u00f3 a la luz un particular hecho, gracias a la reciente publicaci\u00f3n del escritor Robert Hardman, titulado<em>&nbsp;&#8216;La formaci\u00f3n de un rey: el rey Carlos III y la monarqu\u00eda moderna&#8217;.<\/em><\/p>\n\n\n\n<p>All\u00ed el bi\u00f3grafo relat\u00f3 c\u00f3mo hab\u00eda sido su visita, tras entrevistar a la esposa de Biden y conocer su perspectiva sobre la soberana, al de su personalidad y su cita tan esperada al estilo brit\u00e1nico.<\/p>\n\n\n\n<p>En un relato exclusivo obtenido por la revista&nbsp;<em>People,<\/em>&nbsp;la mujer recuerda el significado que ten\u00eda su majestad Isabel II para ella y su marido, y c\u00f3mo su imagen se manten\u00eda alrededor del mundo, tras pasar 70 a\u00f1os en el trono ingl\u00e9s. &#8220;Biden y su esposa hab\u00edan comenzado a hacer planes de viaje tan pronto como se anunci\u00f3 la&nbsp;<strong>muerte de la Reina<\/strong>. &#8216;Joe y yo decidimos asistir&#8217;, dice la primera dama, Dra. Jill Biden. &#8216;Todos crecimos con la Reina. Ella era una parte tan importante de nuestras vidas. Ella siempre estuvo ah\u00ed y sinti\u00f3 que siempre lo estar\u00eda: una mujer realmente hermosa, espectacular e incre\u00edble\u201d, se\u00f1ala el texto.<\/p>\n\n\n\n<p>Al mismo tiempo, record\u00f3 c\u00f3mo fue su encuentro con ella en el&nbsp;<strong>Castillo de Windsor<\/strong>, el 13 de junio de 2021, cuando la pareja presidencial de los Estados Unidos fue recibida de la manera m\u00e1s \u00edntima y hospitalaria por la monarca, una gran&nbsp;<strong>defensora del t\u00e9&nbsp;<\/strong>y las tradiciones alrededor de ese momento. A tal punto que ella hasta le prohibi\u00f3 al presidente Biden que le ayudara al servir el t\u00e9, luego de haberse ofrecido a brindarle una mano con la tetera. De hecho, ella les reiter\u00f3 que los atender\u00eda.<\/p>\n\n\n\n<p>&#8220;&#8216;Subimos a su apartamento. Y me encantaba su sentido de independencia. Ten\u00eda una tetera grande. Y Joe le dijo: \u201cVamos, d\u00e9jame ayudarte\u201d.&#8217; Sin embargo, la Reina respondi\u00f3 firmemente. &#8216;No, no, no, si\u00e9ntate\u201d, le dijo al presidente. &#8216;<strong>Yo te servir\u00e9<\/strong>&#8220;. Y a\u00f1adi\u00f3: &#8220;Aqu\u00ed estaba ella con esta gran tetera sirviendo t\u00e9 y lo pasamos genial porque tiene un gran sentido de la curiosidad. Ella pregunt\u00f3 todo sobre la pol\u00edtica estadounidense y lo que estaba pasando y las percepciones (del presidente) sobre diferentes personas y diferentes eventos&#8221;, detalla el fragmento de la entrevista.<\/p>\n\n\n\n<p><\/p>\n\n\n\n<p>Finalmente, la primera dama resalta que todo lo que sucedi\u00f3 en dicho lugar cumpli\u00f3 con la idea que ten\u00edan de la hora del t\u00e9, adem\u00e1s de la representaci\u00f3n de la soberana con sus fieles perros corgis, que la acompa\u00f1aron a lo largo de su corona. &#8220;Era la &#8220;imagen&#8221; que todo estadounidense tiene de una fiesta de t\u00e9 brit\u00e1nica por excelencia, especialmente cuando llegan sus perritos&#8221;, concluy\u00f3 Jill Biden en entrevista con el bi\u00f3grafo real.<\/p>\n\n\n\n<p>Fuente: <a href=\"https:\/\/www.eluniversal.com.mx\/mundo\/yo-te-servire-la-curiosa-prohibicion-de-la-reina-isabel-ii-al-presidente-joe-biden\/\" data-type=\"URL\" data-id=\"https:\/\/www.eluniversal.com.mx\/mundo\/yo-te-servire-la-curiosa-prohibicion-de-la-reina-isabel-ii-al-presidente-joe-biden\/\">El Universal<\/a> <\/p>\n","protected":false},"excerpt":{"rendered":"<p>En 2021, la primera dama de los&nbsp;Estados Unidos,&nbsp;Jill Biden&nbsp;y el presidente&nbsp;Joe Biden&nbsp;compartieron la hora del t\u00e9 en privado con la&nbsp;reina Isabel II&nbsp;en el Castillo de Windsor, un a\u00f1o antes de que esta falleciera en Balmoral, el 8 de septiembre de 2022. De este protocolario encuentro sali\u00f3 a la luz un particular hecho, gracias a la [&hellip;]<\/p>\n","protected":false},"author":35,"featured_media":136246,"comment_status":"open","ping_status":"open","sticky":false,"template":"","format":"standard","meta":{"_monsterinsights_skip_tracking":false,"_monsterinsights_sitenote_active":false,"_monsterinsights_sitenote_note":"","_monsterinsights_sitenote_category":0,"footnotes":""},"categories":[181],"tags":[182,2906],"class_list":["post-136242","post","type-post","status-publish","format-standard","has-post-thumbnail","hentry","category-internacional","tag-joe-biden","tag-reina-isabel-ii","wp-image-borders"],"amp_enabled":true,"_links":{"self":[{"href":"https:\/\/nvnoticias.mx\/index.php\/wp-json\/wp\/v2\/posts\/136242","targetHints":{"allow":["GET"]}}],"collection":[{"href":"https:\/\/nvnoticias.mx\/index.php\/wp-json\/wp\/v2\/posts"}],"about":[{"href":"https:\/\/nvnoticias.mx\/index.php\/wp-json\/wp\/v2\/types\/post"}],"author":[{"embeddable":true,"href":"https:\/\/nvnoticias.mx\/index.php\/wp-json\/wp\/v2\/users\/35"}],"replies":[{"embeddable":true,"href":"https:\/\/nvnoticias.mx\/index.php\/wp-json\/wp\/v2\/comments?post=136242"}],"version-history":[{"count":3,"href":"https:\/\/nvnoticias.mx\/index.php\/wp-json\/wp\/v2\/posts\/136242\/revisions"}],"predecessor-version":[{"id":136245,"href":"https:\/\/nvnoticias.mx\/index.php\/wp-json\/wp\/v2\/posts\/136242\/revisions\/136245"}],"wp:featuredmedia":[{"embeddable":true,"href":"https:\/\/nvnoticias.mx\/index.php\/wp-json\/wp\/v2\/media\/136246"}],"wp:attachment":[{"href":"https:\/\/nvnoticias.mx\/index.php\/wp-json\/wp\/v2\/media?parent=136242"}],"wp:term":[{"taxonomy":"category","embeddable":true,"href":"https:\/\/nvnoticias.mx\/index.php\/wp-json\/wp\/v2\/categories?post=136242"},{"taxonomy":"post_tag","embeddable":true,"href":"https:\/\/nvnoticias.mx\/index.php\/wp-json\/wp\/v2\/tags?post=136242"}],"curies":[{"name":"wp","href":"https:\/\/api.w.org\/{rel}","templated":true}]}}