{"id":136238,"date":"2024-01-19T08:31:47","date_gmt":"2024-01-19T14:31:47","guid":{"rendered":"https:\/\/nvnoticias.mx\/?p=136238"},"modified":"2024-01-19T08:31:49","modified_gmt":"2024-01-19T14:31:49","slug":"exigen-padres-cargos-penales-tras-reporte-de-fallos-policiales-en-tiroteo-de-uvalde","status":"publish","type":"post","link":"https:\/\/nvnoticias.mx\/index.php\/2024\/01\/19\/exigen-padres-cargos-penales-tras-reporte-de-fallos-policiales-en-tiroteo-de-uvalde\/","title":{"rendered":"Exigen padres cargos penales tras reporte de fallos policiales en tiroteo de Uvalde"},"content":{"rendered":"\n<p>Padres y familiares de las v\u00edctimas del&nbsp;<strong>tiroteo&nbsp;<\/strong>en una escuela&nbsp;<strong>en Uvalde (Texas)<\/strong>&nbsp;exigieron este jueves procesos penales, despidos, control de armas y &#8220;rendici\u00f3n de cuentas&#8221; de las autoridades que cometieron &#8220;fallos en cascada&#8221; al responder al ataque que se sald\u00f3 con el&nbsp;<strong>asesinato de 19 ni\u00f1os y dos maestras<\/strong>&nbsp;en 2022.<\/p>\n\n\n\n<p>El llamado urgente se dio despu\u00e9s de que el fiscal general de Estados Unidos, Merrick Garland, denunciara el &#8220;fracaso&#8221; de la respuesta de la polic\u00eda local en la escuela primaria Robb, diciendo que se trataba de una cuesti\u00f3n de &#8220;falta de liderazgo, capacitaci\u00f3n y pol\u00edticas fallidas&#8221;.<\/p>\n\n\n\n<p>Garland entreg\u00f3 hoy en Uvalde un extenso informe sobre el ataque ocurrido el 22 de mayo de 2024, donde los agentes de al menos&nbsp;<strong>cinco agencias de la ley<\/strong>&nbsp;tardaron 77 minutos en detener al agresor,&nbsp;<strong>Salvador Ramos<\/strong>, de 18 a\u00f1os.Play Video<\/p>\n\n\n\n<p>Tras conocerse los resultados de la investigaci\u00f3n federal, las familias de 17 de las v\u00edctimas dieron una conferencia de prensa en la que dijeron que se necesita que las autoridades que fallaron rindan cuentas y se realice una reforma urgente sobre la compra de armas.<\/p>\n\n\n\n<blockquote class=\"wp-block-quote is-layout-flow wp-block-quote-is-layout-flow\"><p>&#8220;Espero que los fracasos terminen hoy&#8230; y que los funcionarios locales hagan lo que no se hizo ese d\u00eda: hacer lo correcto por las v\u00edctimas y sobrevivientes de la primaria Robb&#8221;, dijo Kimberly Mata-Rubio, madre de Lexi, de 10 a\u00f1os, una de las v\u00edctimas mortales de ese d\u00eda.<\/p><\/blockquote>\n\n\n\n<p><\/p>\n\n\n\n<p>La hispana, que se ha convertido en una de las caras m\u00e1s visibles en demanda de cargos penales contra los agentes que participaron, dijo que las familias afectadas esperan que tras este informe se den &#8220;despidos&#8221; y &#8220;procesamientos penales&#8221;.<\/p>\n\n\n\n<p>Tambi\u00e9n urgi\u00f3 cambios en las leyes sobre la regulaci\u00f3n de&nbsp;<strong>compra de armas<\/strong>. &#8220;Porque la escuela primaria Robb comenz\u00f3 el d\u00eda en que a un joven de 18 a\u00f1os se le permit\u00eda comprar un AR-15&#8221;.<\/p>\n\n\n\n<p>Por su parte, Brett Cross, tutor del peque\u00f1o Uziyah Garc\u00eda, otra de las v\u00edctimas, dijo que el reporte presenta &#8220;nombres&#8221; de los directamente involucrados.<\/p>\n\n\n\n<p>Disgustado, el padre denunci\u00f3 que la comunidad est\u00e1 dividida por el tiroteo y algunos &#8220;no quieren creer que las personas con las que ellos crecieron le fallaron a nuestros ni\u00f1os&#8221;.<\/p>\n\n\n\n<p>Agreg\u00f3 que espera que ellos lean este reporte, y se mostr\u00f3 adem\u00e1s molesto de que los agentes que participaron en la respuesta al ataque no han respondido por su fallos.<\/p>\n\n\n\n<p>Al menos 376 agentes de diferentes agencias de ley respondieron a la escena, entre ellos unos 100 del Departamento de Seguridad P\u00fablica de Texas.<\/p>\n\n\n\n<p>En ese sentido, Ver\u00f3nica Mata, la madre de otra de las v\u00edctimas, Tess Mata, dijo que el informe respalda lo que los padres han estado diciendo a la comunidad sobre la responsabilidad de los agentes y espera como las otras familias que haya &#8220;rendici\u00f3n de cuentas ahora que se public\u00f3 el informe&#8221;.<\/p>\n\n\n\n<p>Josh Koskoff, abogado que representa a las 17 familias, dijo que el informe les ayudar\u00e1 a seguir con su batalla legal para lograr justicia.<\/p>\n\n\n\n<p>Fuente: <a href=\"https:\/\/www.eluniversal.com.mx\/mundo\/padres-exigen-cargos-penales-tras-reporte-de-fallos-policiales-en-tiroteo-de-uvalde-texas\/\" data-type=\"URL\" data-id=\"https:\/\/www.eluniversal.com.mx\/mundo\/padres-exigen-cargos-penales-tras-reporte-de-fallos-policiales-en-tiroteo-de-uvalde-texas\/\">El Universal<\/a> <\/p>\n","protected":false},"excerpt":{"rendered":"<p>Padres y familiares de las v\u00edctimas del&nbsp;tiroteo&nbsp;en una escuela&nbsp;en Uvalde (Texas)&nbsp;exigieron este jueves procesos penales, despidos, control de armas y &#8220;rendici\u00f3n de cuentas&#8221; de las autoridades que cometieron &#8220;fallos en cascada&#8221; al responder al ataque que se sald\u00f3 con el&nbsp;asesinato de 19 ni\u00f1os y dos maestras&nbsp;en 2022. El llamado urgente se dio despu\u00e9s de que [&hellip;]<\/p>\n","protected":false},"author":35,"featured_media":56640,"comment_status":"open","ping_status":"open","sticky":false,"template":"","format":"standard","meta":{"_monsterinsights_skip_tracking":false,"_monsterinsights_sitenote_active":false,"_monsterinsights_sitenote_note":"","_monsterinsights_sitenote_category":0,"footnotes":""},"categories":[181],"tags":[7825,7611,918,3578,15252],"class_list":["post-136238","post","type-post","status-publish","format-standard","has-post-thumbnail","hentry","category-internacional","tag-exigen","tag-padres","tag-texas","tag-tiroteo","tag-uvalde","wp-image-borders"],"amp_enabled":true,"_links":{"self":[{"href":"https:\/\/nvnoticias.mx\/index.php\/wp-json\/wp\/v2\/posts\/136238","targetHints":{"allow":["GET"]}}],"collection":[{"href":"https:\/\/nvnoticias.mx\/index.php\/wp-json\/wp\/v2\/posts"}],"about":[{"href":"https:\/\/nvnoticias.mx\/index.php\/wp-json\/wp\/v2\/types\/post"}],"author":[{"embeddable":true,"href":"https:\/\/nvnoticias.mx\/index.php\/wp-json\/wp\/v2\/users\/35"}],"replies":[{"embeddable":true,"href":"https:\/\/nvnoticias.mx\/index.php\/wp-json\/wp\/v2\/comments?post=136238"}],"version-history":[{"count":3,"href":"https:\/\/nvnoticias.mx\/index.php\/wp-json\/wp\/v2\/posts\/136238\/revisions"}],"predecessor-version":[{"id":136241,"href":"https:\/\/nvnoticias.mx\/index.php\/wp-json\/wp\/v2\/posts\/136238\/revisions\/136241"}],"wp:featuredmedia":[{"embeddable":true,"href":"https:\/\/nvnoticias.mx\/index.php\/wp-json\/wp\/v2\/media\/56640"}],"wp:attachment":[{"href":"https:\/\/nvnoticias.mx\/index.php\/wp-json\/wp\/v2\/media?parent=136238"}],"wp:term":[{"taxonomy":"category","embeddable":true,"href":"https:\/\/nvnoticias.mx\/index.php\/wp-json\/wp\/v2\/categories?post=136238"},{"taxonomy":"post_tag","embeddable":true,"href":"https:\/\/nvnoticias.mx\/index.php\/wp-json\/wp\/v2\/tags?post=136238"}],"curies":[{"name":"wp","href":"https:\/\/api.w.org\/{rel}","templated":true}]}}