{"id":13615,"date":"2021-05-18T09:48:54","date_gmt":"2021-05-18T14:48:54","guid":{"rendered":"https:\/\/nvnoticias.mx\/?p=13615"},"modified":"2021-05-18T09:48:55","modified_gmt":"2021-05-18T14:48:55","slug":"el-25-de-mayo-concluye-el-plazo-para-solicitar-la-reimpresion-de-credenciales-de-elector","status":"publish","type":"post","link":"https:\/\/nvnoticias.mx\/index.php\/2021\/05\/18\/el-25-de-mayo-concluye-el-plazo-para-solicitar-la-reimpresion-de-credenciales-de-elector\/","title":{"rendered":"El 25 de mayo concluye el plazo para solicitar la reimpresi\u00f3n de credenciales de elector"},"content":{"rendered":"\n<p><strong>Jes\u00fas Utrilla \/ NV Noticias<\/strong> <\/p>\n\n\n\n<p>El 25 de mayo concluye el plazo para solicitar la reimpresi\u00f3n de credenciales de elector.<\/p>\n\n\n\n<p>Jos\u00e9 Gonzalo Castillo Gameros, Vocal Ejecutivo de la 04 Junta Distrital Ejecutiva, se\u00f1al\u00f3 que puede tramitarse por p\u00e9rdida, robo o extrav\u00edo.<\/p>\n\n\n\n<p>Los ciudadanos no necesitan cita ya que se busca que todos cuenten con su credencial de elector para garantizar su participaci\u00f3n durante la Jornada Electoral del 6 de junio de 2021.<\/p>\n\n\n\n<p>Sin embargo, como parte de las medidas de protecci\u00f3n y prevenci\u00f3n, tanto para el personal que labora en los M\u00f3dulos de Atenci\u00f3n Ciudadana como para quienes acuden por su credencial, es obligatorio seguir el siguiente protocolo de sanidad:<\/p>\n\n\n\n<p>\u2022 Portar el cubre bocas en todo momento.<br>\u2022 Permitir la toma de temperatura y la aplicaci\u00f3n de gel antibacterial al ingresar al m\u00f3dulo.<br>\u2022 Acudir sin compa\u00f1\u00eda, a menos que la persona requiera de asistencia.<br>\u2022 Guardar la sana distancia respecto de las dem\u00e1s personas.<\/p>\n\n\n\n<blockquote class=\"wp-block-quote is-layout-flow wp-block-quote-is-layout-flow\"><p><em>\u201cYa no se requiere agendar cita previa para ser atendido en el m\u00f3dulo, pero que deben de presentar los documentos base para que se les preste una atenci\u00f3n m\u00e1s expedita siendo estos: el acta de nacimiento, comprobante de domicilio menor a 3 meses y una credencial oficial con fotograf\u00eda y que los 3 documentos sean en original\u201d.<\/em><\/p><\/blockquote>\n\n\n\n<p>El horario de atenci\u00f3n ciudadana en los m\u00f3dulos es de 8:00 de la ma\u00f1ana\u00a0 a 3 de la tarde de lunes a viernes y el plazo para recoger el documento solicitado concluye el 4 de junio de 2021.<\/p>\n","protected":false},"excerpt":{"rendered":"<p>Jes\u00fas Utrilla \/ NV Noticias El 25 de mayo concluye el plazo para solicitar la reimpresi\u00f3n de credenciales de elector. Jos\u00e9 Gonzalo Castillo Gameros, Vocal Ejecutivo de la 04 Junta Distrital Ejecutiva, se\u00f1al\u00f3 que puede tramitarse por p\u00e9rdida, robo o extrav\u00edo. Los ciudadanos no necesitan cita ya que se busca que todos cuenten con su [&hellip;]<\/p>\n","protected":false},"author":6,"featured_media":6814,"comment_status":"open","ping_status":"open","sticky":false,"template":"","format":"standard","meta":{"_monsterinsights_skip_tracking":false,"_monsterinsights_sitenote_active":false,"_monsterinsights_sitenote_note":"","_monsterinsights_sitenote_category":0,"footnotes":""},"categories":[154],"tags":[1178,443,3778],"class_list":["post-13615","post","type-post","status-publish","format-standard","has-post-thumbnail","hentry","category-veracruz","tag-credencial-de-elector","tag-ine","tag-reimpresion","wp-image-borders"],"amp_enabled":true,"_links":{"self":[{"href":"https:\/\/nvnoticias.mx\/index.php\/wp-json\/wp\/v2\/posts\/13615","targetHints":{"allow":["GET"]}}],"collection":[{"href":"https:\/\/nvnoticias.mx\/index.php\/wp-json\/wp\/v2\/posts"}],"about":[{"href":"https:\/\/nvnoticias.mx\/index.php\/wp-json\/wp\/v2\/types\/post"}],"author":[{"embeddable":true,"href":"https:\/\/nvnoticias.mx\/index.php\/wp-json\/wp\/v2\/users\/6"}],"replies":[{"embeddable":true,"href":"https:\/\/nvnoticias.mx\/index.php\/wp-json\/wp\/v2\/comments?post=13615"}],"version-history":[{"count":1,"href":"https:\/\/nvnoticias.mx\/index.php\/wp-json\/wp\/v2\/posts\/13615\/revisions"}],"predecessor-version":[{"id":13616,"href":"https:\/\/nvnoticias.mx\/index.php\/wp-json\/wp\/v2\/posts\/13615\/revisions\/13616"}],"wp:featuredmedia":[{"embeddable":true,"href":"https:\/\/nvnoticias.mx\/index.php\/wp-json\/wp\/v2\/media\/6814"}],"wp:attachment":[{"href":"https:\/\/nvnoticias.mx\/index.php\/wp-json\/wp\/v2\/media?parent=13615"}],"wp:term":[{"taxonomy":"category","embeddable":true,"href":"https:\/\/nvnoticias.mx\/index.php\/wp-json\/wp\/v2\/categories?post=13615"},{"taxonomy":"post_tag","embeddable":true,"href":"https:\/\/nvnoticias.mx\/index.php\/wp-json\/wp\/v2\/tags?post=13615"}],"curies":[{"name":"wp","href":"https:\/\/api.w.org\/{rel}","templated":true}]}}