{"id":136135,"date":"2024-01-18T13:42:26","date_gmt":"2024-01-18T19:42:26","guid":{"rendered":"https:\/\/nvnoticias.mx\/?p=136135"},"modified":"2024-01-18T13:42:27","modified_gmt":"2024-01-18T19:42:27","slug":"edith-franyuti-carlin-rinde-protesta-en-comision-de-enlace-interinstitucional-del-colegio-de-abogados-de-veracruz","status":"publish","type":"post","link":"https:\/\/nvnoticias.mx\/index.php\/2024\/01\/18\/edith-franyuti-carlin-rinde-protesta-en-comision-de-enlace-interinstitucional-del-colegio-de-abogados-de-veracruz\/","title":{"rendered":"Edith Franyuti Carl\u00edn rinde protesta en Comisi\u00f3n de Enlace Interinstitucional del Colegio de Abogados de Veracruz"},"content":{"rendered":"\n<p><strong>Jes\u00fas Utrilla \/ NV Noticias<\/strong><\/p>\n\n\n\n<p>Abogados veracruzanos otorgar\u00e1n asesor\u00eda jur\u00eddica gratuita a aquellas personas de escasos recursos que enfrenten, problemas laborales, de violencia intrafamiliar, divorcio, entre otros.<\/p>\n\n\n\n<p>Edith Franyuti Carl\u00edn, presidenta de la Comisi\u00f3n de Enlace Interinstitucional del Colegio de Abogados de Veracruz, admiti\u00f3 que por falta de recursos, hay personas que no solicitan el servicio de un abogado. Es por ello que los apoyar\u00e1n.<\/p>\n\n\n\n<blockquote class=\"wp-block-quote is-layout-flow wp-block-quote-is-layout-flow\"><p><em>\u201cVamos a implementar un plan de trabajo para dar asesor\u00edas gratuitas a las personas que no tienen los medios para una defensor\u00eda jur\u00eddica conveniente. Los despidos injustificados son recurrentes y actualmente hay muchos problemas entre amas de casa y colaboradoras dom\u00e9sticas porque a veces no les pagan ciertas prestaciones como aguinaldos\u201d. <\/em><\/p><\/blockquote>\n\n\n\n<p>Edith Franyuti Carl\u00edn rindi\u00f3 protesta en la Sala de Cabildo de Veracruz, como presidenta de la Comisi\u00f3n de Enlace Interinstitucional del Colegio de Abogados de Veracruz. <\/p>\n\n\n\n<p>Ser\u00e1 el enlace entre el grupo de profesionistas y las instancias de gobierno, c\u00e1maras empresariales, entre otros.<\/p>\n\n\n\n<p>Se comprometi\u00f3 a que el colegio trabajar\u00e1 de manera apartidista e incluyente.<\/p>\n\n\n\n<blockquote class=\"wp-block-quote is-layout-flow wp-block-quote-is-layout-flow\"><p>\u201cMi legado es mi padre, Patrono de la Superaci\u00f3n Ciudadana, Adolfo Franyuti Malpica y vamos a seguir una ruta que aporte beneficios a Veracruz\u201d. <\/p><\/blockquote>\n\n\n\n<p>Es especialista en derecho laboral, sin embargo, la asesor\u00eda que se brindar\u00e1 ser\u00e1 de diversa \u00edndole.  <\/p>\n\n\n\n<p>La asesor\u00eda se otorgar\u00e1 en el inmueble que se ubica en Costa Verde casi esquina Reyes Heroles.<\/p>\n","protected":false},"excerpt":{"rendered":"<p>Jes\u00fas Utrilla \/ NV Noticias Abogados veracruzanos otorgar\u00e1n asesor\u00eda jur\u00eddica gratuita a aquellas personas de escasos recursos que enfrenten, problemas laborales, de violencia intrafamiliar, divorcio, entre otros. Edith Franyuti Carl\u00edn, presidenta de la Comisi\u00f3n de Enlace Interinstitucional del Colegio de Abogados de Veracruz, admiti\u00f3 que por falta de recursos, hay personas que no solicitan el [&hellip;]<\/p>\n","protected":false},"author":8,"featured_media":136137,"comment_status":"open","ping_status":"open","sticky":false,"template":"","format":"standard","meta":{"_monsterinsights_skip_tracking":false,"_monsterinsights_sitenote_active":false,"_monsterinsights_sitenote_note":"","_monsterinsights_sitenote_category":0,"footnotes":""},"categories":[154],"tags":[6900,29068,11810],"class_list":["post-136135","post","type-post","status-publish","format-standard","has-post-thumbnail","hentry","category-veracruz","tag-colegio-de-abogados-de-veracruz","tag-edith-franyuti-carlin","tag-toma-de-protesta","wp-image-borders"],"amp_enabled":true,"_links":{"self":[{"href":"https:\/\/nvnoticias.mx\/index.php\/wp-json\/wp\/v2\/posts\/136135","targetHints":{"allow":["GET"]}}],"collection":[{"href":"https:\/\/nvnoticias.mx\/index.php\/wp-json\/wp\/v2\/posts"}],"about":[{"href":"https:\/\/nvnoticias.mx\/index.php\/wp-json\/wp\/v2\/types\/post"}],"author":[{"embeddable":true,"href":"https:\/\/nvnoticias.mx\/index.php\/wp-json\/wp\/v2\/users\/8"}],"replies":[{"embeddable":true,"href":"https:\/\/nvnoticias.mx\/index.php\/wp-json\/wp\/v2\/comments?post=136135"}],"version-history":[{"count":1,"href":"https:\/\/nvnoticias.mx\/index.php\/wp-json\/wp\/v2\/posts\/136135\/revisions"}],"predecessor-version":[{"id":136138,"href":"https:\/\/nvnoticias.mx\/index.php\/wp-json\/wp\/v2\/posts\/136135\/revisions\/136138"}],"wp:featuredmedia":[{"embeddable":true,"href":"https:\/\/nvnoticias.mx\/index.php\/wp-json\/wp\/v2\/media\/136137"}],"wp:attachment":[{"href":"https:\/\/nvnoticias.mx\/index.php\/wp-json\/wp\/v2\/media?parent=136135"}],"wp:term":[{"taxonomy":"category","embeddable":true,"href":"https:\/\/nvnoticias.mx\/index.php\/wp-json\/wp\/v2\/categories?post=136135"},{"taxonomy":"post_tag","embeddable":true,"href":"https:\/\/nvnoticias.mx\/index.php\/wp-json\/wp\/v2\/tags?post=136135"}],"curies":[{"name":"wp","href":"https:\/\/api.w.org\/{rel}","templated":true}]}}