{"id":135974,"date":"2024-01-17T10:04:45","date_gmt":"2024-01-17T16:04:45","guid":{"rendered":"https:\/\/nvnoticias.mx\/?p=135974"},"modified":"2024-01-17T10:04:46","modified_gmt":"2024-01-17T16:04:46","slug":"realizan-en-veracruz-la-vi-conferencia-hemisferica-sobre-logistica-innovacion-y-competitividad","status":"publish","type":"post","link":"https:\/\/nvnoticias.mx\/index.php\/2024\/01\/17\/realizan-en-veracruz-la-vi-conferencia-hemisferica-sobre-logistica-innovacion-y-competitividad\/","title":{"rendered":"Realizan en Veracruz la VI Conferencia Hemisf\u00e9rica sobre Log\u00edstica, Innovaci\u00f3n y Competitividad"},"content":{"rendered":"\n<p><strong>Jes\u00fas Utrilla | NV Noticias <\/strong><\/p>\n\n\n\n<p>En Veracruz, se dio inicio a la VI Conferencia Hemisf\u00e9rica sobre Log\u00edstica, Innovaci\u00f3n y Competitividad, donde Ana Laura L\u00f3pez Bautista, Coordinadora General de Puertos, destac\u00f3 que la sinergia entre log\u00edstica, innovaci\u00f3n y competitividad potencia los puertos, siendo M\u00e9xico un punto neur\u00e1lgico para el intercambio de mercanc\u00edas.<\/p>\n\n\n\n<p>L\u00f3pez Bautista subray\u00f3 la importancia de este foro para elevar la eficiencia y productividad del sector portuario, reafirmando que los puertos son cruciales para el crecimiento econ\u00f3mico de las naciones. El Puerto de Veracruz, con m\u00e1s de 500 a\u00f1os de historia mar\u00edtima, se erige como un s\u00edmbolo de evoluci\u00f3n log\u00edstica, conectando con tradiciones y culturas de diversos lugares.<\/p>\n\n\n\n<p>Enalteciendo la elecci\u00f3n del Puerto de Veracruz como sede, mencion\u00f3 que su rica historia lo convierte en el escenario perfecto para esta conferencia. La VI Conferencia Hemisf\u00e9rica busca impulsar la innovaci\u00f3n y competitividad en la gesti\u00f3n portuaria, abordando de manera integral los desaf\u00edos comunes que enfrentan los puertos. El intercambio de ideas y conocimientos ser\u00e1 clave para construir un futuro log\u00edstico m\u00e1s eficiente e innovador.<\/p>\n\n\n\n<p>Llam\u00f3 a fortalecer los lazos entre naciones mediante la colaboraci\u00f3n en la gesti\u00f3n portuaria, destacando que este evento marca un paso decisivo hacia un comercio portuario m\u00e1s eficiente y conectado.<\/p>\n","protected":false},"excerpt":{"rendered":"<p>Jes\u00fas Utrilla | NV Noticias En Veracruz, se dio inicio a la VI Conferencia Hemisf\u00e9rica sobre Log\u00edstica, Innovaci\u00f3n y Competitividad, donde Ana Laura L\u00f3pez Bautista, Coordinadora General de Puertos, destac\u00f3 que la sinergia entre log\u00edstica, innovaci\u00f3n y competitividad potencia los puertos, siendo M\u00e9xico un punto neur\u00e1lgico para el intercambio de mercanc\u00edas. L\u00f3pez Bautista subray\u00f3 la [&hellip;]<\/p>\n","protected":false},"author":35,"featured_media":135976,"comment_status":"open","ping_status":"open","sticky":false,"template":"","format":"standard","meta":{"_monsterinsights_skip_tracking":false,"_monsterinsights_sitenote_active":false,"_monsterinsights_sitenote_note":"","_monsterinsights_sitenote_category":0,"footnotes":""},"categories":[154],"tags":[3498,15343,6659,162,8929,180,29054],"class_list":["post-135974","post","type-post","status-publish","format-standard","has-post-thumbnail","hentry","category-veracruz","tag-competitividad","tag-innovacion","tag-logistica","tag-portada","tag-realizan","tag-veracruz","tag-vi-conferencia-hemisferica","wp-image-borders"],"amp_enabled":true,"_links":{"self":[{"href":"https:\/\/nvnoticias.mx\/index.php\/wp-json\/wp\/v2\/posts\/135974","targetHints":{"allow":["GET"]}}],"collection":[{"href":"https:\/\/nvnoticias.mx\/index.php\/wp-json\/wp\/v2\/posts"}],"about":[{"href":"https:\/\/nvnoticias.mx\/index.php\/wp-json\/wp\/v2\/types\/post"}],"author":[{"embeddable":true,"href":"https:\/\/nvnoticias.mx\/index.php\/wp-json\/wp\/v2\/users\/35"}],"replies":[{"embeddable":true,"href":"https:\/\/nvnoticias.mx\/index.php\/wp-json\/wp\/v2\/comments?post=135974"}],"version-history":[{"count":1,"href":"https:\/\/nvnoticias.mx\/index.php\/wp-json\/wp\/v2\/posts\/135974\/revisions"}],"predecessor-version":[{"id":135975,"href":"https:\/\/nvnoticias.mx\/index.php\/wp-json\/wp\/v2\/posts\/135974\/revisions\/135975"}],"wp:featuredmedia":[{"embeddable":true,"href":"https:\/\/nvnoticias.mx\/index.php\/wp-json\/wp\/v2\/media\/135976"}],"wp:attachment":[{"href":"https:\/\/nvnoticias.mx\/index.php\/wp-json\/wp\/v2\/media?parent=135974"}],"wp:term":[{"taxonomy":"category","embeddable":true,"href":"https:\/\/nvnoticias.mx\/index.php\/wp-json\/wp\/v2\/categories?post=135974"},{"taxonomy":"post_tag","embeddable":true,"href":"https:\/\/nvnoticias.mx\/index.php\/wp-json\/wp\/v2\/tags?post=135974"}],"curies":[{"name":"wp","href":"https:\/\/api.w.org\/{rel}","templated":true}]}}