{"id":135885,"date":"2024-01-16T11:46:07","date_gmt":"2024-01-16T17:46:07","guid":{"rendered":"https:\/\/nvnoticias.mx\/?p=135885"},"modified":"2024-01-16T11:46:08","modified_gmt":"2024-01-16T17:46:08","slug":"el-puerto-de-veracruz-se-consolida-como-lider-en-2023-movilizando-31-67-millones-de-toneladas-de-mercancia","status":"publish","type":"post","link":"https:\/\/nvnoticias.mx\/index.php\/2024\/01\/16\/el-puerto-de-veracruz-se-consolida-como-lider-en-2023-movilizando-31-67-millones-de-toneladas-de-mercancia\/","title":{"rendered":"El puerto de Veracruz se consolida como l\u00edder en 2023, movilizando 31.67 millones de toneladas de mercanc\u00eda"},"content":{"rendered":"\n<p><strong>Jes\u00fas Utrilla | NV Noticias<\/strong><\/p>\n\n\n\n<p>De enero a noviembre de 2023 el movimiento de carga en el Puerto de Veracruz alcanz\u00f3 31 millones 671 mil 611 toneladas, lo que representa un crecimiento de 0.6 por ciento en comparaci\u00f3n al mismo periodo del 2022.<\/p>\n\n\n\n<p>Sin embargo, la exportaci\u00f3n disminuy\u00f3 casi un punto porcentual, pasando del 5.75 por ciento en 2022 a 4.89 por ciento en 2023.<\/p>\n\n\n\n<p>Marco Antonio Sansores Ram\u00edrez, presidente de la Asociaci\u00f3n de Agentes Aduanales de Veracruz (AAAVER), se\u00f1al\u00f3 que hubo una ca\u00edda de 26.91 por ciento en carga general y del 6.6 por ciento en carga contenerizada, mientras que en hidrocarburos fue del 0.5 por ciento en comparaci\u00f3n con 2022.<\/p>\n\n\n\n<p>Adem\u00e1s el granel mineral aument\u00f3 2.8 por ciento, mientras que el granel agr\u00edcola fue de 18.3 por ciento y en veh\u00edculos el aumento fue de 6.3 por ciento.<\/p>\n\n\n\n<blockquote class=\"wp-block-quote is-layout-flow wp-block-quote-is-layout-flow\"><p>&#8220;Nos vimos afectados en el movimiento de exportaci\u00f3n, como lo coment\u00e9 en otras ocasiones, debido al tipo de cambio. El famoso &#8216;super peso&#8217; afect\u00f3 las exportaciones, especialmente en la carga contenerizada, con una baja de alrededor del 15 por ciento&#8221;.<\/p><\/blockquote>\n\n\n\n<p>En el movimiento de contenedores tambi\u00e9n se registr\u00f3 una ca\u00edda del 2.4 por ciento pasando de un mill\u00f3n 86 mil 486 contenedores a un mill\u00f3n 60 mil 113. En cambio, el movimiento de veh\u00edculos por el Puerto de Veracruz experiment\u00f3 un incremento del 8.6 por ciento, pasando de 724 mil 537 unidades a 783 mil 936.<\/p>\n\n\n\n<p>Durante los primeros 11 meses del 2023 se importaron 297 mil 041 unidades, lo que represent\u00f3 un incremento del 20.3 por ciento, mientras que la exportaci\u00f3n aument\u00f3 2.6 por ciento al alcanzar 489 mil 895 unidades.<\/p>\n\n\n\n<blockquote class=\"wp-block-quote is-layout-flow wp-block-quote-is-layout-flow\"><p>&#8220;La expectativa para el 2024 es un a\u00f1o interesante. El tipo de cambio estar\u00e1 m\u00e1s asimilado por el mercado exportador y la econom\u00eda de Estados Unidos sigue s\u00f3lida. Aunque la inflaci\u00f3n persiste en ambos pa\u00edses, el consumo sigue increment\u00e1ndose. Son buenos n\u00fameros, pero tampoco son espectaculares&#8221;.<\/p><\/blockquote>\n\n\n\n<p>El Puerto de Veracruz fue el que m\u00e1s mercanc\u00eda movi\u00f3 durante los primeros 11 meses del 2023 con un total de 31 millones 617 mil 611 toneladas, lo que representa un 17.9 por ciento de la carga en el pa\u00eds.<\/p>\n\n\n\n<p>Seguido del Puerto de Manzanillo con 30 millones 928 mil 407 toneladas, lo que representa 17.5 por ciento y una diferencia de 689 mil 204 toneladas con el Puerto de Veracruz.<\/p>\n\n\n\n<p>En tercer lugar se encuentra L\u00e1zaro C\u00e1rdenas con un movimiento total de 27 millones 230 mil 692 toneladas.<\/p>\n\n\n\n<p>En cuarto lugar se encuentra el Puerto de Tuxpan con un total de 8.4 por ciento de la carga nacional, seguido de Coatzacoalcos con un movimiento nacional del 7.2 por ciento.<\/p>\n\n\n\n<p>A nivel nacional se movieron 176 millones 727 mil 798 toneladas.<\/p>\n","protected":false},"excerpt":{"rendered":"<p>Jes\u00fas Utrilla | NV Noticias De enero a noviembre de 2023 el movimiento de carga en el Puerto de Veracruz alcanz\u00f3 31 millones 671 mil 611 toneladas, lo que representa un crecimiento de 0.6 por ciento en comparaci\u00f3n al mismo periodo del 2022. Sin embargo, la exportaci\u00f3n disminuy\u00f3 casi un punto porcentual, pasando del 5.75 [&hellip;]<\/p>\n","protected":false},"author":35,"featured_media":135886,"comment_status":"open","ping_status":"open","sticky":false,"template":"","format":"standard","meta":{"_monsterinsights_skip_tracking":false,"_monsterinsights_sitenote_active":false,"_monsterinsights_sitenote_note":"","_monsterinsights_sitenote_category":0,"footnotes":""},"categories":[154],"tags":[16140,28498,9494,11043],"class_list":["post-135885","post","type-post","status-publish","format-standard","has-post-thumbnail","hentry","category-veracruz","tag-consolida","tag-el-puerto-de-veracruz","tag-lider","tag-movilizacion","wp-image-borders"],"amp_enabled":true,"_links":{"self":[{"href":"https:\/\/nvnoticias.mx\/index.php\/wp-json\/wp\/v2\/posts\/135885","targetHints":{"allow":["GET"]}}],"collection":[{"href":"https:\/\/nvnoticias.mx\/index.php\/wp-json\/wp\/v2\/posts"}],"about":[{"href":"https:\/\/nvnoticias.mx\/index.php\/wp-json\/wp\/v2\/types\/post"}],"author":[{"embeddable":true,"href":"https:\/\/nvnoticias.mx\/index.php\/wp-json\/wp\/v2\/users\/35"}],"replies":[{"embeddable":true,"href":"https:\/\/nvnoticias.mx\/index.php\/wp-json\/wp\/v2\/comments?post=135885"}],"version-history":[{"count":1,"href":"https:\/\/nvnoticias.mx\/index.php\/wp-json\/wp\/v2\/posts\/135885\/revisions"}],"predecessor-version":[{"id":135887,"href":"https:\/\/nvnoticias.mx\/index.php\/wp-json\/wp\/v2\/posts\/135885\/revisions\/135887"}],"wp:featuredmedia":[{"embeddable":true,"href":"https:\/\/nvnoticias.mx\/index.php\/wp-json\/wp\/v2\/media\/135886"}],"wp:attachment":[{"href":"https:\/\/nvnoticias.mx\/index.php\/wp-json\/wp\/v2\/media?parent=135885"}],"wp:term":[{"taxonomy":"category","embeddable":true,"href":"https:\/\/nvnoticias.mx\/index.php\/wp-json\/wp\/v2\/categories?post=135885"},{"taxonomy":"post_tag","embeddable":true,"href":"https:\/\/nvnoticias.mx\/index.php\/wp-json\/wp\/v2\/tags?post=135885"}],"curies":[{"name":"wp","href":"https:\/\/api.w.org\/{rel}","templated":true}]}}