{"id":135820,"date":"2024-01-15T14:40:50","date_gmt":"2024-01-15T20:40:50","guid":{"rendered":"https:\/\/nvnoticias.mx\/?p=135820"},"modified":"2024-01-15T14:40:52","modified_gmt":"2024-01-15T20:40:52","slug":"ve-world-economic-forum-riesgo-de-bajo-crecimiento-y-alta-inflacion-en-diversas-regiones","status":"publish","type":"post","link":"https:\/\/nvnoticias.mx\/index.php\/2024\/01\/15\/ve-world-economic-forum-riesgo-de-bajo-crecimiento-y-alta-inflacion-en-diversas-regiones\/","title":{"rendered":"Ve World Economic Forum riesgo de bajo crecimiento y alta inflaci\u00f3n en diversas regiones"},"content":{"rendered":"\n<p>Ante las\u00a0<strong>condiciones econ\u00f3micas del 2024<\/strong>, se espera entre alta y moderada inflaci\u00f3n, en medio de bajo crecimiento, lo que llevar\u00e1 a una estanflaci\u00f3n en diversas regiones del mundo, consideraron los economistas en jefes entrevistados por el\u00a0<strong>World Economic Forum<\/strong>\u00a0(WEF).<\/p>\n\n\n\n<p>La incertidumbre nubla las perspectivas de este a\u00f1o, as\u00ed como los problemas geopol\u00edticos, la apretada\u00a0<strong>condici\u00f3n financiera<\/strong>\u00a0y el r\u00e1pido avance de la inteligencia artificial, entre otros factores, todo ello lleva al 56% de los\u00a0<strong>economistas\u00a0<\/strong>entrevistados a considerar que la\u00a0<strong>econom\u00eda global<\/strong>\u00a0se debilitar\u00e1 en el 2024, aunque el otro 43% cree que no habr\u00e1 cambios o condiciones m\u00e1s fuertes.<\/p>\n\n\n\n<p>Los\u00a0<strong>especialistas\u00a0<\/strong>consideraron que las regiones con mayor expectativa a debilitarse son, en primer lugar Europa, seguido de Estados Unidos, Medio Oriente y Norte de \u00c1frica, \u00c1frica Sub-Sahariana, China y Am\u00e9rica Latina y el Caribe.<\/p>\n\n\n\n<p>Mientras que los pa\u00edses con menos posibilidades de desacelerar la\u00a0<strong>econom\u00eda\u00a0<\/strong>son: Asia Central, Asia y Pac\u00edfico del Este y el sureste asi\u00e1tico.<\/p>\n\n\n\n<p>En el Panorama de Economistas en Jefe 2024 -que dio a conocer hoy el WEF, al iniciar el Foro Econ\u00f3mico Davos, en Suiza- se explic\u00f3 que las mayores expectativas de inflaci\u00f3n son: \u00c1frica Sub-Sahariana y, en segundo lugar, Am\u00e9rica Latina y el Caribe, seguido del sudeste asi\u00e1tico.<\/p>\n\n\n\n<p>Para la mayor\u00eda de los entrevistados los mercados laborales y las condiciones financieras se relajar\u00e1n en el pr\u00f3ximo a\u00f1o, en ning\u00fan caso se espera un fuerte crecimiento en el 2024.<\/p>\n\n\n\n<blockquote class=\"wp-block-quote is-layout-flow wp-block-quote-is-layout-flow\"><p>\u201cLa mayor\u00eda dice que la geopol\u00edtica alentar\u00e1 la volatilidad en la econom\u00eda global (87%) y los mercados burs\u00e1tiles (89%) fortalecer\u00e1 los bloques geoecon\u00f3micos (80%) y ampliar\u00e1 la divisi\u00f3n Norte-Sur (57%) en los pr\u00f3ximos tres a\u00f1os\u201d, explicaron los economistas en jefe.<\/p><\/blockquote>\n\n\n\n<p>La inteligencia artificial es uno de los factores que recientemente se integraron a las variables que pueden impactar en todos sentidos a la econom\u00eda, ya que la mayor\u00eda piensa que incrementar\u00e1 la eficiencia en la producci\u00f3n e innovaci\u00f3n, sobre todo, los resultados se ver\u00e1n, en las econom\u00edas de mayor ingreso.<\/p>\n\n\n\n<p>Fuente: <a href=\"https:\/\/www.eluniversal.com.mx\/cartera\/world-economic-forum-ve-riesgo-de-bajo-crecimiento-y-alta-inflacion-en-diversas-regiones\/\" data-type=\"URL\" data-id=\"https:\/\/www.eluniversal.com.mx\/cartera\/world-economic-forum-ve-riesgo-de-bajo-crecimiento-y-alta-inflacion-en-diversas-regiones\/\">El Universal<\/a><\/p>\n","protected":false},"excerpt":{"rendered":"<p>Ante las\u00a0condiciones econ\u00f3micas del 2024, se espera entre alta y moderada inflaci\u00f3n, en medio de bajo crecimiento, lo que llevar\u00e1 a una estanflaci\u00f3n en diversas regiones del mundo, consideraron los economistas en jefes entrevistados por el\u00a0World Economic Forum\u00a0(WEF). La incertidumbre nubla las perspectivas de este a\u00f1o, as\u00ed como los problemas geopol\u00edticos, la apretada\u00a0condici\u00f3n financiera\u00a0y el [&hellip;]<\/p>\n","protected":false},"author":35,"featured_media":36139,"comment_status":"open","ping_status":"open","sticky":false,"template":"","format":"standard","meta":{"_monsterinsights_skip_tracking":false,"_monsterinsights_sitenote_active":false,"_monsterinsights_sitenote_note":"","_monsterinsights_sitenote_category":0,"footnotes":""},"categories":[181],"tags":[2699,2978,5361,29040],"class_list":["post-135820","post","type-post","status-publish","format-standard","has-post-thumbnail","hentry","category-internacional","tag-crecimiento","tag-inflacion","tag-riesgo","tag-world-economic-forum","wp-image-borders"],"amp_enabled":true,"_links":{"self":[{"href":"https:\/\/nvnoticias.mx\/index.php\/wp-json\/wp\/v2\/posts\/135820","targetHints":{"allow":["GET"]}}],"collection":[{"href":"https:\/\/nvnoticias.mx\/index.php\/wp-json\/wp\/v2\/posts"}],"about":[{"href":"https:\/\/nvnoticias.mx\/index.php\/wp-json\/wp\/v2\/types\/post"}],"author":[{"embeddable":true,"href":"https:\/\/nvnoticias.mx\/index.php\/wp-json\/wp\/v2\/users\/35"}],"replies":[{"embeddable":true,"href":"https:\/\/nvnoticias.mx\/index.php\/wp-json\/wp\/v2\/comments?post=135820"}],"version-history":[{"count":1,"href":"https:\/\/nvnoticias.mx\/index.php\/wp-json\/wp\/v2\/posts\/135820\/revisions"}],"predecessor-version":[{"id":135821,"href":"https:\/\/nvnoticias.mx\/index.php\/wp-json\/wp\/v2\/posts\/135820\/revisions\/135821"}],"wp:featuredmedia":[{"embeddable":true,"href":"https:\/\/nvnoticias.mx\/index.php\/wp-json\/wp\/v2\/media\/36139"}],"wp:attachment":[{"href":"https:\/\/nvnoticias.mx\/index.php\/wp-json\/wp\/v2\/media?parent=135820"}],"wp:term":[{"taxonomy":"category","embeddable":true,"href":"https:\/\/nvnoticias.mx\/index.php\/wp-json\/wp\/v2\/categories?post=135820"},{"taxonomy":"post_tag","embeddable":true,"href":"https:\/\/nvnoticias.mx\/index.php\/wp-json\/wp\/v2\/tags?post=135820"}],"curies":[{"name":"wp","href":"https:\/\/api.w.org\/{rel}","templated":true}]}}