{"id":13580,"date":"2021-05-17T14:52:16","date_gmt":"2021-05-17T19:52:16","guid":{"rendered":"https:\/\/nvnoticias.mx\/?p=13580"},"modified":"2021-05-17T14:52:18","modified_gmt":"2021-05-17T19:52:18","slug":"vacunan-a-3-mil-500-personas-de-50-a-59-anos-en-veracruz","status":"publish","type":"post","link":"https:\/\/nvnoticias.mx\/index.php\/2021\/05\/17\/vacunan-a-3-mil-500-personas-de-50-a-59-anos-en-veracruz\/","title":{"rendered":"Vacunan a 3 mil 500 personas de 50 a 59 a\u00f1os en Veracruz"},"content":{"rendered":"\n<p><strong>Jes\u00fas Utrilla \/ NV Noticias <\/strong><\/p>\n\n\n\n<p>Como parte de la jornada de vacunaci\u00f3n contra el coronavirus este lunes ser\u00e1n inmunizadas 3 mil 500 personas de 50 a 59 a\u00f1os de edad.<\/p>\n\n\n\n<p>El delegado federal Manuel Huerta Ladr\u00f3n de Guevara, explic\u00f3 que se espera que para junio todos los adultos de 50 a 59 a\u00f1os de edad tengan la primera dosis de la vacuna contra el coronavirus.<\/p>\n\n\n\n<p>Para julio o agosto podr\u00eda iniciar la vacunaci\u00f3n para personas de 40 a 49 a\u00f1os de edad, pues el objetivo es que para el primer trimestre del pr\u00f3ximo a\u00f1o est\u00e9 vacunada toda la poblaci\u00f3n mayor de 18 a\u00f1os.<\/p>\n\n\n\n<p>En el caso del municipio de Veracruz asegur\u00f3 que se avanza en tiempo y forma con la aplicaci\u00f3n de la vacuna y lo mismo ocurre a nivel estado.<\/p>\n\n\n\n<blockquote class=\"wp-block-quote is-layout-flow wp-block-quote-is-layout-flow\"><p><em>\u201cVa muy fluido el plan nacional de vacunaci\u00f3n porque esta semana vamos a finalizar con los de 60 y m\u00e1s y arrancamos aceleradamente el de 50 a 59 a\u00f1os\u201d.<\/em><\/p><\/blockquote>\n\n\n\n<p>Record\u00f3 que tambi\u00e9n pueden acudir mujeres embarazadas mayores de 18 a\u00f1os y con m\u00e1s de 9 semanas de gestaci\u00f3n a aplicarse la vacuna en cualquiera de los 12 m\u00f3dulos del municipio de Veracruz.<\/p>\n\n\n\n<p>Asegur\u00f3 que se avanza a marchas aceleradas en la jornada de vacunaci\u00f3n.<\/p>\n\n\n\n<p>Adem\u00e1s en el transcurso de la semana concluir\u00e1 la inmunizaci\u00f3n de personas de 60 a\u00f1os en adelante.<\/p>\n\n\n\n<p>A pesar que es reducido el n\u00famero de adultos mayores que acude por rezago.<\/p>\n\n\n\n<p>En Medell\u00edn las segundas dosis avanzan de acuerdo a lo planeado.<\/p>\n","protected":false},"excerpt":{"rendered":"<p>Jes\u00fas Utrilla \/ NV Noticias Como parte de la jornada de vacunaci\u00f3n contra el coronavirus este lunes ser\u00e1n inmunizadas 3 mil 500 personas de 50 a 59 a\u00f1os de edad. El delegado federal Manuel Huerta Ladr\u00f3n de Guevara, explic\u00f3 que se espera que para junio todos los adultos de 50 a 59 a\u00f1os de edad [&hellip;]<\/p>\n","protected":false},"author":6,"featured_media":5313,"comment_status":"open","ping_status":"open","sticky":false,"template":"","format":"standard","meta":{"_monsterinsights_skip_tracking":false,"_monsterinsights_sitenote_active":false,"_monsterinsights_sitenote_note":"","_monsterinsights_sitenote_category":0,"footnotes":""},"categories":[154],"tags":[3462,2393,180],"class_list":["post-13580","post","type-post","status-publish","format-standard","has-post-thumbnail","hentry","category-veracruz","tag-personas-50-anos","tag-vacuna-covid-19","tag-veracruz","wp-image-borders"],"amp_enabled":true,"_links":{"self":[{"href":"https:\/\/nvnoticias.mx\/index.php\/wp-json\/wp\/v2\/posts\/13580","targetHints":{"allow":["GET"]}}],"collection":[{"href":"https:\/\/nvnoticias.mx\/index.php\/wp-json\/wp\/v2\/posts"}],"about":[{"href":"https:\/\/nvnoticias.mx\/index.php\/wp-json\/wp\/v2\/types\/post"}],"author":[{"embeddable":true,"href":"https:\/\/nvnoticias.mx\/index.php\/wp-json\/wp\/v2\/users\/6"}],"replies":[{"embeddable":true,"href":"https:\/\/nvnoticias.mx\/index.php\/wp-json\/wp\/v2\/comments?post=13580"}],"version-history":[{"count":1,"href":"https:\/\/nvnoticias.mx\/index.php\/wp-json\/wp\/v2\/posts\/13580\/revisions"}],"predecessor-version":[{"id":13581,"href":"https:\/\/nvnoticias.mx\/index.php\/wp-json\/wp\/v2\/posts\/13580\/revisions\/13581"}],"wp:featuredmedia":[{"embeddable":true,"href":"https:\/\/nvnoticias.mx\/index.php\/wp-json\/wp\/v2\/media\/5313"}],"wp:attachment":[{"href":"https:\/\/nvnoticias.mx\/index.php\/wp-json\/wp\/v2\/media?parent=13580"}],"wp:term":[{"taxonomy":"category","embeddable":true,"href":"https:\/\/nvnoticias.mx\/index.php\/wp-json\/wp\/v2\/categories?post=13580"},{"taxonomy":"post_tag","embeddable":true,"href":"https:\/\/nvnoticias.mx\/index.php\/wp-json\/wp\/v2\/tags?post=13580"}],"curies":[{"name":"wp","href":"https:\/\/api.w.org\/{rel}","templated":true}]}}