{"id":135615,"date":"2024-01-13T18:34:05","date_gmt":"2024-01-14T00:34:05","guid":{"rendered":"https:\/\/nvnoticias.mx\/?p=135615"},"modified":"2024-01-13T18:34:05","modified_gmt":"2024-01-14T00:34:05","slug":"la-ola-de-violencia-en-ecuador","status":"publish","type":"post","link":"https:\/\/nvnoticias.mx\/index.php\/2024\/01\/13\/la-ola-de-violencia-en-ecuador\/","title":{"rendered":"La ola de violencia en Ecuador"},"content":{"rendered":"\n<p><strong>Ricardo Homs<\/strong><\/p>\n\n\n\n<p>Lo que qued\u00f3 consignado en im\u00e1genes de televisi\u00f3n respecto al mot\u00edn suscitado en&nbsp;<strong>Ecuador<\/strong>, -donde grupos delictivos tomaron el control del noticiero de la televisora m\u00e1s importante de&nbsp;<strong>Guayaquil<\/strong>, la ciudad m\u00e1s poblada de ese pa\u00eds-, mientras se hac\u00eda la transmisi\u00f3n en vivo de este programa, ha generado alarma en todo el mundo, pues este acto terrorista fue acompa\u00f1ado de forma simult\u00e1nea por disturbios en c\u00e1rceles y planteles universitarios.<\/p>\n\n\n\n<p>Este acontecimiento debi\u00e9semos tomarlo como una<strong>&nbsp;llamada de alerta de alto riesgo para M\u00e9xico.<\/strong>&nbsp;Si desde el gobierno federal no se inicia un proceso de blindaje para recuperar territorios que hoy est\u00e1n bajo el control total de la delincuencia organizada, alg\u00fan d\u00eda podr\u00edamos sufrir lo que est\u00e1 sucediendo en ese pa\u00eds sudamericano.<\/p>\n\n\n\n<p>El 8 de enero pasado se deton\u00f3 un conflicto violento que llev\u00f3 al presidente de Ecuador,&nbsp;<strong>-Daniel Noboa-<\/strong>, a decretar un \u201cestado de excepci\u00f3n\u201d a partir de la fuga de \u201cFito\u201d, un reo de alta peligrosidad que purgaba una condena de 34 a\u00f1os de prisi\u00f3n, y que es la cabeza de uno de los grupos delictivos m\u00e1s importantes de ese pa\u00eds, lo cual deton\u00f3 motines en varias c\u00e1rceles.<\/p>\n\n\n\n<p>Seguramente por negligencia desde el Poder Ejecutivo se ha minimizado el riesgo de un conflicto violento que pudiese comprometer la seguridad nacional de nuestro pa\u00eds.&nbsp;<strong>Colombia&nbsp;<\/strong>y&nbsp;<strong>Per\u00fa&nbsp;<\/strong>ya han anunciado medidas de protecci\u00f3n frente a lo sucedido en Ecuador.<\/p>\n\n\n\n<p>Definitivamente la pol\u00edtica de seguridad de M\u00e9xico, -calificada como \u201cabrazos y no balazos\u201d-, ha estimulado la violencia, el surgimiento de nuevos grupos delictivos de alta peligrosidad y el fortalecimiento de la capacidad de respuesta armada de los grupos que ya existen desde hace tiempo.<\/p>\n\n\n\n<p>La tibieza en el combate al crimen organizado denota debilidad y vulnerabilidad de los tres niveles de gobierno para enfrentarlo, o entonces, una perversa indiferencia e irresponsabilidad.<\/p>\n\n\n\n<p>Parece ser que&nbsp;<strong>este gobierno pretende asumir que ignorando la violencia, esta desaparece.<\/strong>&nbsp;Hay m\u00e1s preocupaci\u00f3n en el presidente L\u00f3pez Obrador por minimizar la gravedad de la violencia y la inseguridad de cara a las pr\u00f3ximas elecciones, que por resolver este problema, pues esto significa reconocer el fracaso de su estrategia.<\/p>\n\n\n\n<p>La delincuencia organizada se ha empoderado al grado tal, que le ha perdido el respeto al Ej\u00e9rcito, al provocar y agredir a los soldados durante sus patrullajes.<\/p>\n\n\n\n<p>Siempre&nbsp;<strong>las fuerzas armadas fueron el \u00faltimo basti\u00f3n de la autoridad leg\u00edtima del Estado Mexicano<\/strong>&nbsp;para imponer el orden, por encima de cualquier instituci\u00f3n de orden civil. Sin embargo, hoy poblaciones enteras, -seguramente instigadas por el crimen organizado-, han expulsado violentamente de sus comunidades a soldados armados, someti\u00e9ndolos a vejaciones inaceptables para una instituci\u00f3n que siempre ha gozado del respeto y reconocimiento ciudadano.<\/p>\n\n\n\n<p>Las v\u00edctimas mortales de la violencia no son simples n\u00fameros de una estad\u00edstica, sino vidas segadas que sumen a miles de familias mexicanas en crisis emocional y econ\u00f3mica. \u00bfQui\u00e9n asume la responsabilidad por esas muertes?<\/p>\n\n\n\n<p>Los riesgos est\u00e1n a la vista para quien los quiera ver. Ignorarlos puede traer funestas consecuencias para nuestro pa\u00eds.<\/p>\n\n\n\n<h2 class=\"wp-block-heading\">LAS PENSIONES<\/h2>\n\n\n\n<p>El tema de&nbsp;<strong>las pensiones para el retiro<\/strong>&nbsp;debe ser estudiado con gran profundidad, conocimiento t\u00e9cnico y responsabilidad, pues dictaminar de forma improvisada su aplicaci\u00f3n con base en argumentaciones electorales puede poner en riesgo la estabilidad econ\u00f3mica de nuestro pa\u00eds.<\/p>\n\n\n\n<p>Originalmente en todo el mundo las pensiones para el retiro&nbsp;<strong>fueron creadas para proteger en su vejez a quienes son asalariados<\/strong>. Sin embargo, las condiciones de longevidad estaban calculadas para activar las pensiones a los 65 a\u00f1os de edad, por lo cual, este pago representaba una erogaci\u00f3n s\u00f3lo durante unos cuantos a\u00f1os. Adem\u00e1s, el equilibrio lo daba el n\u00famero de trabajadores en activo que soportaban el pago a cada pensionado.<\/p>\n\n\n\n<p>Hoy el n\u00famero de a\u00f1os de vida se ha alargado y con ello aumenta el tiempo en que recibe su aportaci\u00f3n cada pensionado. Adem\u00e1s, el envejecimiento de la poblaci\u00f3n, -y la disminuci\u00f3n de nacimientos que se ha reducido-, afectan el n\u00famero de trabajadores en activo que sostienen el pago a cada pensionado.<\/p>\n\n\n\n<p>El sistema de pensiones en todo el mundo se ha convertido en un factor de riesgo financiero, incluso, para las econom\u00edas m\u00e1s avanzadas.<\/p>\n\n\n\n<p>Por el tiempo transcurrido a partir del origen del sistema de pensiones se hace necesario<strong>&nbsp;replantear la edad de jubilaci\u00f3n,<\/strong>&nbsp;pues no habr\u00e1 econom\u00eda que resista esta erogaci\u00f3n.<\/p>\n\n\n\n<p>Por ello este tema debe ser analizado a conciencia y no con la prisa que tiene este gobierno por congraciarse con el electorado y as\u00ed beneficiarse de su voto.<\/p>\n\n\n\n<h2 class=\"wp-block-heading\">DON SERGIO GARC\u00cdA RAM\u00cdREZ<\/h2>\n\n\n\n<p>Muri\u00f3 don&nbsp;<strong>Sergio Garc\u00eda Ram\u00edrez<\/strong>, uno de los<strong>&nbsp;juristas m\u00e1s destacados de su generaci\u00f3n<\/strong>. Hablar de su trayectoria profesional como acad\u00e9mico, procurador de justicia del Distrito Federal, procurador general de la rep\u00fablica, presidente de la&nbsp;<strong>Comisi\u00f3n Interamericana de Derechos Humanos<\/strong>, adem\u00e1s de otros importantes cargos, minimiza la faceta humana que describe su car\u00e1cter.<\/p>\n\n\n\n<p>Quienes tuvimos la fortuna de tratarlo en estos \u00faltimos tiempos de su vida recordamos su sencillez y solemnidad, -que sin embargo-, no era mas que una forma de tratar con respeto y deferencia a su interlocutor, lo cual contrastaba con su amabilidad y car\u00e1cter afectuoso.<\/p>\n\n\n\n<p>Hoy que el \u201cestado de derecho\u201d est\u00e1 bajo asedio, la mente l\u00facida y los grandes conocimientos jur\u00eddicos de don Sergio son fundamentales para defender el respeto a la ley. Su ausencia definitiva representa una gran p\u00e9rdida.<\/p>\n\n\n\n<p>Le extra\u00f1aremos y echaremos de menos su presencia.<\/p>\n\n\n\n<p>\u00bfA usted qu\u00e9 le parece?<\/p>\n\n\n\n<p>Facebook: @Ricardo.Homs1<\/p>\n\n\n\n<p>\u201cX\u201d, (Twitter): @homsricardo<\/p>\n\n\n\n<p>Linkedin: Ricardo Homs<\/p>\n\n\n\n<p><a href=\"http:\/\/www.ricardohoms.com\/\" target=\"_blank\" rel=\"noreferrer noopener\">www.ricardohoms.com<\/a><\/p>\n","protected":false},"excerpt":{"rendered":"<p>Ricardo Homs Lo que qued\u00f3 consignado en im\u00e1genes de televisi\u00f3n respecto al mot\u00edn suscitado en&nbsp;Ecuador, -donde grupos delictivos tomaron el control del noticiero de la televisora m\u00e1s importante de&nbsp;Guayaquil, la ciudad m\u00e1s poblada de ese pa\u00eds-, mientras se hac\u00eda la transmisi\u00f3n en vivo de este programa, ha generado alarma en todo el mundo, pues este [&hellip;]<\/p>\n","protected":false},"author":18,"featured_media":135616,"comment_status":"open","ping_status":"open","sticky":false,"template":"","format":"standard","meta":{"_monsterinsights_skip_tracking":false,"_monsterinsights_sitenote_active":false,"_monsterinsights_sitenote_note":"","_monsterinsights_sitenote_category":0,"footnotes":""},"categories":[246],"tags":[173],"class_list":["post-135615","post","type-post","status-publish","format-standard","has-post-thumbnail","hentry","category-ricardo-homs","tag-ricardo-homs","wp-image-borders"],"amp_enabled":true,"_links":{"self":[{"href":"https:\/\/nvnoticias.mx\/index.php\/wp-json\/wp\/v2\/posts\/135615","targetHints":{"allow":["GET"]}}],"collection":[{"href":"https:\/\/nvnoticias.mx\/index.php\/wp-json\/wp\/v2\/posts"}],"about":[{"href":"https:\/\/nvnoticias.mx\/index.php\/wp-json\/wp\/v2\/types\/post"}],"author":[{"embeddable":true,"href":"https:\/\/nvnoticias.mx\/index.php\/wp-json\/wp\/v2\/users\/18"}],"replies":[{"embeddable":true,"href":"https:\/\/nvnoticias.mx\/index.php\/wp-json\/wp\/v2\/comments?post=135615"}],"version-history":[{"count":1,"href":"https:\/\/nvnoticias.mx\/index.php\/wp-json\/wp\/v2\/posts\/135615\/revisions"}],"predecessor-version":[{"id":135617,"href":"https:\/\/nvnoticias.mx\/index.php\/wp-json\/wp\/v2\/posts\/135615\/revisions\/135617"}],"wp:featuredmedia":[{"embeddable":true,"href":"https:\/\/nvnoticias.mx\/index.php\/wp-json\/wp\/v2\/media\/135616"}],"wp:attachment":[{"href":"https:\/\/nvnoticias.mx\/index.php\/wp-json\/wp\/v2\/media?parent=135615"}],"wp:term":[{"taxonomy":"category","embeddable":true,"href":"https:\/\/nvnoticias.mx\/index.php\/wp-json\/wp\/v2\/categories?post=135615"},{"taxonomy":"post_tag","embeddable":true,"href":"https:\/\/nvnoticias.mx\/index.php\/wp-json\/wp\/v2\/tags?post=135615"}],"curies":[{"name":"wp","href":"https:\/\/api.w.org\/{rel}","templated":true}]}}