{"id":135604,"date":"2024-01-13T18:16:09","date_gmt":"2024-01-14T00:16:09","guid":{"rendered":"https:\/\/nvnoticias.mx\/?p=135604"},"modified":"2024-01-13T18:16:10","modified_gmt":"2024-01-14T00:16:10","slug":"33-muertos-tras-los-derrumbes-en-una-carretera-de-colombia","status":"publish","type":"post","link":"https:\/\/nvnoticias.mx\/index.php\/2024\/01\/13\/33-muertos-tras-los-derrumbes-en-una-carretera-de-colombia\/","title":{"rendered":"33 muertos tras los derrumbes en una carretera de Colombia"},"content":{"rendered":"\n<p>La vicepresidenta colombiana, Francia M\u00e1rquez, inform\u00f3 este s\u00e1bado que ascendi\u00f3 a&nbsp;33 la cifra de personas muertas por dos derrumbes de tierra ocurridos el viernes en una carretera cerca de la localidad de El Carmen de Atrato, en el departamento del Choc\u00f3 (oeste).<\/p>\n\n\n\n<blockquote class=\"wp-block-quote is-layout-flow wp-block-quote-is-layout-flow\"><p>&#8220;<em>Lamento profundamente el fallecimiento de 33 personas en esta tragedia, en su mayor\u00eda ni\u00f1as y ni\u00f1os, seg\u00fan informes preliminares desde el territorio. Toda nuestra solidaridad con el departamento del Choc\u00f3 y las familias de las v\u00edctimas<\/em>&#8220;, dijo M\u00e1rquez en su cuenta de X (antes Twitter).<\/p><\/blockquote>\n\n\n\n<p>La vicepresidenta asegur\u00f3 que a\u00fan quedan personas atrapadas bajo el derrumbe en la v\u00eda Quibd\u00f3-Medell\u00edn y que contin\u00faan las acciones de b\u00fasqueda y rescate por parte de las Fuerzas Militares, Polic\u00eda, la Unidad Nacional de Gesti\u00f3n del Riesgo y el Desastre (UGRD), autoridades locales y bomberos y otros organismos de socorro.<\/p>\n\n\n\n<p>El derrumbe se produjo el viernes por la tarde y sepult\u00f3 a varios veh\u00edculos que estaban detenidos, al parecer por un alud que bloque\u00f3 previamente la carretera entre Medell\u00edn y Quibd\u00f3, la capital del Choc\u00f3.<\/p>\n\n\n\n<p>En un video grabado por testigos se observa una fila de veh\u00edculos detenidos en la carretera, a la espera de que se abriera el paso, cuando de repente la monta\u00f1a se viene abajo, sepult\u00e1ndolos con sus ocupantes.<\/p>\n\n\n\n<p>Tambi\u00e9n hab\u00eda, seg\u00fan testigos citados por medios locales, medio centenar de personas que se encontraban refugi\u00e1ndose de la lluvia en una vivienda cuando lleg\u00f3 el alud.<\/p>\n\n\n\n<p>La Unidad Nacional para la Gesti\u00f3n del Riesgo de Desastres (Ungrd)&nbsp;inform\u00f3 de 35 personas lesionadas que han sido trasladadas a centros asistenciales y en la zona est\u00e1n trabajando personal del Ej\u00e9rcito Nacional, la Fuerza Aeroespacial Colombiana, la Defensa Civil y los Bomberos.<\/p>\n\n\n\n<p>Las operaciones de rescate contin\u00faan y la informaci\u00f3n a\u00fan es parcial, puesto que se trata de una v\u00eda que aunque conecta a Medell\u00edn con Quibd\u00f3, la capital del selv\u00e1tico Choc\u00f3, es remota y la se\u00f1al es intermitente.<\/p>\n\n\n\n<p>El Ej\u00e9rcito, que ha desplegado a 30 soldados rescatistas, est\u00e1 usando sobrevuelos de dron&nbsp;&#8220;para identificar posibles sitios donde pueda encontrarse personal atrapado&#8221; y&nbsp;tambi\u00e9n perros para localizar a las v\u00edctimas.<\/p>\n\n\n\n<p>La gobernadora del Choc\u00f3,&nbsp;Nubia Carolina C\u00f3rdoba, inform\u00f3 que hay cuerpos que han sido trasladados a Medell\u00edn y otros est\u00e1n en la Unidad de Reacci\u00f3n Inmediata de Quibd\u00f3, capital de este departamento, para que acudan a identificarlo<strong>s.&nbsp;<\/strong><\/p>\n","protected":false},"excerpt":{"rendered":"<p>La vicepresidenta colombiana, Francia M\u00e1rquez, inform\u00f3 este s\u00e1bado que ascendi\u00f3 a&nbsp;33 la cifra de personas muertas por dos derrumbes de tierra ocurridos el viernes en una carretera cerca de la localidad de El Carmen de Atrato, en el departamento del Choc\u00f3 (oeste). &#8220;Lamento profundamente el fallecimiento de 33 personas en esta tragedia, en su mayor\u00eda [&hellip;]<\/p>\n","protected":false},"author":8,"featured_media":135605,"comment_status":"open","ping_status":"open","sticky":false,"template":"","format":"standard","meta":{"_monsterinsights_skip_tracking":false,"_monsterinsights_sitenote_active":false,"_monsterinsights_sitenote_note":"","_monsterinsights_sitenote_category":0,"footnotes":""},"categories":[181],"tags":[1906,207,4205],"class_list":["post-135604","post","type-post","status-publish","format-standard","has-post-thumbnail","hentry","category-internacional","tag-carretera","tag-colombia","tag-derrumbe","wp-image-borders"],"amp_enabled":true,"_links":{"self":[{"href":"https:\/\/nvnoticias.mx\/index.php\/wp-json\/wp\/v2\/posts\/135604","targetHints":{"allow":["GET"]}}],"collection":[{"href":"https:\/\/nvnoticias.mx\/index.php\/wp-json\/wp\/v2\/posts"}],"about":[{"href":"https:\/\/nvnoticias.mx\/index.php\/wp-json\/wp\/v2\/types\/post"}],"author":[{"embeddable":true,"href":"https:\/\/nvnoticias.mx\/index.php\/wp-json\/wp\/v2\/users\/8"}],"replies":[{"embeddable":true,"href":"https:\/\/nvnoticias.mx\/index.php\/wp-json\/wp\/v2\/comments?post=135604"}],"version-history":[{"count":1,"href":"https:\/\/nvnoticias.mx\/index.php\/wp-json\/wp\/v2\/posts\/135604\/revisions"}],"predecessor-version":[{"id":135606,"href":"https:\/\/nvnoticias.mx\/index.php\/wp-json\/wp\/v2\/posts\/135604\/revisions\/135606"}],"wp:featuredmedia":[{"embeddable":true,"href":"https:\/\/nvnoticias.mx\/index.php\/wp-json\/wp\/v2\/media\/135605"}],"wp:attachment":[{"href":"https:\/\/nvnoticias.mx\/index.php\/wp-json\/wp\/v2\/media?parent=135604"}],"wp:term":[{"taxonomy":"category","embeddable":true,"href":"https:\/\/nvnoticias.mx\/index.php\/wp-json\/wp\/v2\/categories?post=135604"},{"taxonomy":"post_tag","embeddable":true,"href":"https:\/\/nvnoticias.mx\/index.php\/wp-json\/wp\/v2\/tags?post=135604"}],"curies":[{"name":"wp","href":"https:\/\/api.w.org\/{rel}","templated":true}]}}