{"id":135568,"date":"2024-01-13T10:14:55","date_gmt":"2024-01-13T16:14:55","guid":{"rendered":"https:\/\/nvnoticias.mx\/?p=135568"},"modified":"2024-01-13T10:14:56","modified_gmt":"2024-01-13T16:14:56","slug":"para-que-surjan-emprendedores-se-debe-fomentar-la-actitud-de-liderazgo-empresaria","status":"publish","type":"post","link":"https:\/\/nvnoticias.mx\/index.php\/2024\/01\/13\/para-que-surjan-emprendedores-se-debe-fomentar-la-actitud-de-liderazgo-empresaria\/","title":{"rendered":"Para que surjan emprendedores se debe fomentar la actitud de liderazgo: Empresaria"},"content":{"rendered":"\n<p><strong>Jes\u00fas Utrilla \/ NV Noticias<\/strong><\/p>\n\n\n\n<p>Las empresas tienen el compromiso y responsabilidad de brindar un servicio a la comunidad, pero que no sea asistencial, sino que contribuya a transformar la calidad de vida de los habitantes de Veracruz.<\/p>\n\n\n\n<p>Lorena Arredondo Delgado, integrante del Consejo Coordinador de Mujeres Empresarias, destac\u00f3 la importancia de la participaci\u00f3n comunitaria y visivilizaci\u00f3n de las porte\u00f1as. <\/p>\n\n\n\n<p>Sin embargo, desde las primeras etapas de formaci\u00f3n se debe ense\u00f1ar a los estudiantes una visi\u00f3n empresarial.<\/p>\n\n\n\n<blockquote class=\"wp-block-quote is-layout-flow wp-block-quote-is-layout-flow\"><p>\u201c<em>Es en esa etapa cuando a las mujeres nos ense\u00f1an a quedarnos calladas, a ya no opinar, a que los ni\u00f1os son los que llevan la batuta y cuando somos adultas y profesionistas no tenemos el empoderamiento para tomar iniciativas e iniciar un negocio y una empresa<\/em>\u201d.<\/p><\/blockquote>\n\n\n\n<p>A trav\u00e9s de talleres de formaci\u00f3n se busca capacitar en perspectiva de g\u00e9nero y visi\u00f3n empresarial para fomentar actitudes de liderazgo y que surjan emprendedores que a su vez generen fuentes de empleo y econom\u00eda. Admiti\u00f3 que falta cultura empresarial y condiciones para que las emprendedoras se desarrollen.<\/p>\n\n\n\n<blockquote class=\"wp-block-quote is-layout-flow wp-block-quote-is-layout-flow\"><p>\u201c<em>Participamos en consejos, comit\u00e9s y mesas de trabajo donde llevamos la voz de las mujeres y lo relacionado a que se alcance la autonom\u00eda financiera y el desarrollo profesional para desarrollarnos laboralmente, econ\u00f3micamente y profesionalmente<\/em>\u201d.<\/p><\/blockquote>\n\n\n\n<p>El Consejo Coordinador de Mujeres Empresarias, a trav\u00e9s del \u00e1rea de Participaci\u00f3n Comunitaria trabajan con las escuelas para que los ni\u00f1os desarrollen habilidades y su liderazgo.<\/p>\n","protected":false},"excerpt":{"rendered":"<p>Jes\u00fas Utrilla \/ NV Noticias Las empresas tienen el compromiso y responsabilidad de brindar un servicio a la comunidad, pero que no sea asistencial, sino que contribuya a transformar la calidad de vida de los habitantes de Veracruz. Lorena Arredondo Delgado, integrante del Consejo Coordinador de Mujeres Empresarias, destac\u00f3 la importancia de la participaci\u00f3n comunitaria [&hellip;]<\/p>\n","protected":false},"author":8,"featured_media":95940,"comment_status":"open","ping_status":"open","sticky":false,"template":"","format":"standard","meta":{"_monsterinsights_skip_tracking":false,"_monsterinsights_sitenote_active":false,"_monsterinsights_sitenote_note":"","_monsterinsights_sitenote_category":0,"footnotes":""},"categories":[154],"tags":[4327,24847],"class_list":["post-135568","post","type-post","status-publish","format-standard","has-post-thumbnail","hentry","category-veracruz","tag-emprendedores","tag-liderazgo","wp-image-borders"],"amp_enabled":true,"_links":{"self":[{"href":"https:\/\/nvnoticias.mx\/index.php\/wp-json\/wp\/v2\/posts\/135568","targetHints":{"allow":["GET"]}}],"collection":[{"href":"https:\/\/nvnoticias.mx\/index.php\/wp-json\/wp\/v2\/posts"}],"about":[{"href":"https:\/\/nvnoticias.mx\/index.php\/wp-json\/wp\/v2\/types\/post"}],"author":[{"embeddable":true,"href":"https:\/\/nvnoticias.mx\/index.php\/wp-json\/wp\/v2\/users\/8"}],"replies":[{"embeddable":true,"href":"https:\/\/nvnoticias.mx\/index.php\/wp-json\/wp\/v2\/comments?post=135568"}],"version-history":[{"count":1,"href":"https:\/\/nvnoticias.mx\/index.php\/wp-json\/wp\/v2\/posts\/135568\/revisions"}],"predecessor-version":[{"id":135569,"href":"https:\/\/nvnoticias.mx\/index.php\/wp-json\/wp\/v2\/posts\/135568\/revisions\/135569"}],"wp:featuredmedia":[{"embeddable":true,"href":"https:\/\/nvnoticias.mx\/index.php\/wp-json\/wp\/v2\/media\/95940"}],"wp:attachment":[{"href":"https:\/\/nvnoticias.mx\/index.php\/wp-json\/wp\/v2\/media?parent=135568"}],"wp:term":[{"taxonomy":"category","embeddable":true,"href":"https:\/\/nvnoticias.mx\/index.php\/wp-json\/wp\/v2\/categories?post=135568"},{"taxonomy":"post_tag","embeddable":true,"href":"https:\/\/nvnoticias.mx\/index.php\/wp-json\/wp\/v2\/tags?post=135568"}],"curies":[{"name":"wp","href":"https:\/\/api.w.org\/{rel}","templated":true}]}}