{"id":135544,"date":"2024-01-12T13:49:48","date_gmt":"2024-01-12T19:49:48","guid":{"rendered":"https:\/\/nvnoticias.mx\/?p=135544"},"modified":"2024-01-12T13:49:49","modified_gmt":"2024-01-12T19:49:49","slug":"revela-selena-gomez-lo-que-realmente-le-dijo-a-taylor-swift-en-los-premios-globo-de-oro","status":"publish","type":"post","link":"https:\/\/nvnoticias.mx\/index.php\/2024\/01\/12\/revela-selena-gomez-lo-que-realmente-le-dijo-a-taylor-swift-en-los-premios-globo-de-oro\/","title":{"rendered":"Revela Selena Gomez lo que realmente le dijo a Taylor Swift en los Premios Globo de Oro"},"content":{"rendered":"\n<blockquote class=\"wp-block-quote is-layout-flow wp-block-quote-is-layout-flow\"><p>&#8220;Nos encantar\u00eda saber si Selena Gomez realmente estaba chismeando sobre Kylie Jenner y Timoth\u00e9e Chalamet en los #GoldenGlobes de este a\u00f1o&#8221;, se lee en una publicaci\u00f3n de E! News.<\/p><\/blockquote>\n\n\n\n<p>Selena Gomez acudi\u00f3 a la secci\u00f3n de comentarios para dar su opini\u00f3n.<\/p>\n\n\n\n<blockquote class=\"wp-block-quote is-layout-flow wp-block-quote-is-layout-flow\"><p>&#8220;Nooooo, le cont\u00e9 a Taylor sobre dos de mis amigos que tuvieron algo&#8221;, escribi\u00f3. &#8220;No es que sea asunto de nadie&#8221;.<\/p><\/blockquote>\n\n\n\n<p>Chalamet tambi\u00e9n intent\u00f3 acallar los rumores de un supuesto conflicto.<\/p>\n\n\n\n<p>Le dijo a un fot\u00f3grafo de TMZ que \u00e9l y Gomez estaban&#8221;bien&#8221; y respondi\u00f3 negativamente cuando se les pregunt\u00f3 si ten\u00edan alg\u00fan problema.<\/p>\n\n\n\n<blockquote class=\"wp-block-quote is-layout-flow wp-block-quote-is-layout-flow\"><p>&#8220;Estamos todos bien&#8221;, dijo.<\/p><\/blockquote>\n\n\n\n<p>Fuente: <a href=\"https:\/\/cnnespanol.cnn.com\/2024\/01\/10\/selena-gomez-realmente-que-dijo-taylor-swift-globo-de-oro-trax\/\" data-type=\"URL\" data-id=\"https:\/\/cnnespanol.cnn.com\/2024\/01\/10\/selena-gomez-realmente-que-dijo-taylor-swift-globo-de-oro-trax\/\">CNN<\/a><\/p>\n","protected":false},"excerpt":{"rendered":"<p>&#8220;Nos encantar\u00eda saber si Selena Gomez realmente estaba chismeando sobre Kylie Jenner y Timoth\u00e9e Chalamet en los #GoldenGlobes de este a\u00f1o&#8221;, se lee en una publicaci\u00f3n de E! News. Selena Gomez acudi\u00f3 a la secci\u00f3n de comentarios para dar su opini\u00f3n. &#8220;Nooooo, le cont\u00e9 a Taylor sobre dos de mis amigos que tuvieron algo&#8221;, escribi\u00f3. [&hellip;]<\/p>\n","protected":false},"author":35,"featured_media":135031,"comment_status":"open","ping_status":"open","sticky":false,"template":"","format":"standard","meta":{"_monsterinsights_skip_tracking":false,"_monsterinsights_sitenote_active":false,"_monsterinsights_sitenote_note":"","_monsterinsights_sitenote_category":0,"footnotes":""},"categories":[576],"tags":[66,8599,126,4135],"class_list":["post-135544","post","type-post","status-publish","format-standard","has-post-thumbnail","hentry","category-ocio","tag-golden-globes","tag-revela","tag-selena-gomez","tag-taylor-swift","wp-image-borders"],"amp_enabled":true,"_links":{"self":[{"href":"https:\/\/nvnoticias.mx\/index.php\/wp-json\/wp\/v2\/posts\/135544","targetHints":{"allow":["GET"]}}],"collection":[{"href":"https:\/\/nvnoticias.mx\/index.php\/wp-json\/wp\/v2\/posts"}],"about":[{"href":"https:\/\/nvnoticias.mx\/index.php\/wp-json\/wp\/v2\/types\/post"}],"author":[{"embeddable":true,"href":"https:\/\/nvnoticias.mx\/index.php\/wp-json\/wp\/v2\/users\/35"}],"replies":[{"embeddable":true,"href":"https:\/\/nvnoticias.mx\/index.php\/wp-json\/wp\/v2\/comments?post=135544"}],"version-history":[{"count":1,"href":"https:\/\/nvnoticias.mx\/index.php\/wp-json\/wp\/v2\/posts\/135544\/revisions"}],"predecessor-version":[{"id":135546,"href":"https:\/\/nvnoticias.mx\/index.php\/wp-json\/wp\/v2\/posts\/135544\/revisions\/135546"}],"wp:featuredmedia":[{"embeddable":true,"href":"https:\/\/nvnoticias.mx\/index.php\/wp-json\/wp\/v2\/media\/135031"}],"wp:attachment":[{"href":"https:\/\/nvnoticias.mx\/index.php\/wp-json\/wp\/v2\/media?parent=135544"}],"wp:term":[{"taxonomy":"category","embeddable":true,"href":"https:\/\/nvnoticias.mx\/index.php\/wp-json\/wp\/v2\/categories?post=135544"},{"taxonomy":"post_tag","embeddable":true,"href":"https:\/\/nvnoticias.mx\/index.php\/wp-json\/wp\/v2\/tags?post=135544"}],"curies":[{"name":"wp","href":"https:\/\/api.w.org\/{rel}","templated":true}]}}