{"id":135456,"date":"2024-01-11T17:39:03","date_gmt":"2024-01-11T23:39:03","guid":{"rendered":"https:\/\/nvnoticias.mx\/?p=135456"},"modified":"2024-01-11T17:39:04","modified_gmt":"2024-01-11T23:39:04","slug":"lagunes-le-pone-sabor-a-el-aguila-femenil","status":"publish","type":"post","link":"https:\/\/nvnoticias.mx\/index.php\/2024\/01\/11\/lagunes-le-pone-sabor-a-el-aguila-femenil\/","title":{"rendered":"Lagunes le pone sabor a El \u00c1guila Femenil"},"content":{"rendered":"\n<p>En el 2018, una veracruzana jug\u00f3 por primera con hombres en una liga semiprofesional en el estado, seis a\u00f1os despu\u00e9s la historia cambi\u00f3 para Marl\u00e9n Lagunes, quien es coach de El \u00c1guila de Veracruz Femenil, que participar\u00e1 en la Liga Mexicana de Softbol.<\/p>\n\n\n\n<p>Marlen Lagunes cuenta con experiencia como seleccionada nacional de beisbol que consigui\u00f3 el pase al Mundial de la especialidad y ahora por primera vez estar\u00e1 en un equipo profesional de mujeres.<\/p>\n\n\n\n<blockquote class=\"wp-block-quote is-layout-flow wp-block-quote-is-layout-flow\"><p>\u201c<em>Esto es algo que muchas jugadoras hemos buscado, en M\u00e9xico no ten\u00edamos este nivel profesional<\/em>.<\/p><\/blockquote>\n\n\n\n<blockquote class=\"wp-block-quote is-layout-flow wp-block-quote-is-layout-flow\"><p>\u201c<em>Como se lo he dicho a las jugadoras, es algo por lo que hemos peleado, no solo jugado, hemos peleado para que, en M\u00e9xico, se pudiera hacer este nivel, tener los mismos privilegios que los hombres y tener nuestra liga profesional, demostrar que nosotros tambi\u00e9n podemos y sabemos hacer las cosas<\/em>\u201d, destac\u00f3 Marl\u00e9n Lagunes.<\/p><\/blockquote>\n\n\n\n<p>Ahora Marl\u00e9n Lagunes buscar\u00e1 compartir sus conocimientos con las jugadoras m\u00e1s j\u00f3venes de El \u00c1guila Femenil, adem\u00e1s de ser la anfitriona, como buena veracruzana.<\/p>\n\n\n\n<blockquote class=\"wp-block-quote is-layout-flow wp-block-quote-is-layout-flow\"><p>\u201c<em>Me siento muy contenta, orgullosa de formar parte de este gran equipo y representar al equipo de mi tierra.<\/em><\/p><\/blockquote>\n\n\n\n<blockquote class=\"wp-block-quote is-layout-flow wp-block-quote-is-layout-flow\"><p>\u201c<em>Me he sentido en confianza con las chicas, de tratar de cobijarlas y se que sientan en casa<\/em>\u201d, coment\u00f3 Lagunes.<\/p><\/blockquote>\n\n\n\n<p>El \u00c1guila de Veracruz contin\u00faa su preparaci\u00f3n y este s\u00e1bado 13 tendr\u00e1 un juego interescuadras en el Estadio Beto \u00c1vila con libre entrada para los aficionados.<\/p>\n","protected":false},"excerpt":{"rendered":"<p>En el 2018, una veracruzana jug\u00f3 por primera con hombres en una liga semiprofesional en el estado, seis a\u00f1os despu\u00e9s la historia cambi\u00f3 para Marl\u00e9n Lagunes, quien es coach de El \u00c1guila de Veracruz Femenil, que participar\u00e1 en la Liga Mexicana de Softbol. Marlen Lagunes cuenta con experiencia como seleccionada nacional de beisbol que consigui\u00f3 [&hellip;]<\/p>\n","protected":false},"author":8,"featured_media":135457,"comment_status":"open","ping_status":"open","sticky":false,"template":"","format":"standard","meta":{"_monsterinsights_skip_tracking":false,"_monsterinsights_sitenote_active":false,"_monsterinsights_sitenote_note":"","_monsterinsights_sitenote_category":0,"footnotes":""},"categories":[159],"tags":[28987,29001],"class_list":["post-135456","post","type-post","status-publish","format-standard","has-post-thumbnail","hentry","category-deportes","tag-el-aguila-de-veracruz-femenil","tag-marlen-lagunes","wp-image-borders"],"amp_enabled":true,"_links":{"self":[{"href":"https:\/\/nvnoticias.mx\/index.php\/wp-json\/wp\/v2\/posts\/135456","targetHints":{"allow":["GET"]}}],"collection":[{"href":"https:\/\/nvnoticias.mx\/index.php\/wp-json\/wp\/v2\/posts"}],"about":[{"href":"https:\/\/nvnoticias.mx\/index.php\/wp-json\/wp\/v2\/types\/post"}],"author":[{"embeddable":true,"href":"https:\/\/nvnoticias.mx\/index.php\/wp-json\/wp\/v2\/users\/8"}],"replies":[{"embeddable":true,"href":"https:\/\/nvnoticias.mx\/index.php\/wp-json\/wp\/v2\/comments?post=135456"}],"version-history":[{"count":1,"href":"https:\/\/nvnoticias.mx\/index.php\/wp-json\/wp\/v2\/posts\/135456\/revisions"}],"predecessor-version":[{"id":135458,"href":"https:\/\/nvnoticias.mx\/index.php\/wp-json\/wp\/v2\/posts\/135456\/revisions\/135458"}],"wp:featuredmedia":[{"embeddable":true,"href":"https:\/\/nvnoticias.mx\/index.php\/wp-json\/wp\/v2\/media\/135457"}],"wp:attachment":[{"href":"https:\/\/nvnoticias.mx\/index.php\/wp-json\/wp\/v2\/media?parent=135456"}],"wp:term":[{"taxonomy":"category","embeddable":true,"href":"https:\/\/nvnoticias.mx\/index.php\/wp-json\/wp\/v2\/categories?post=135456"},{"taxonomy":"post_tag","embeddable":true,"href":"https:\/\/nvnoticias.mx\/index.php\/wp-json\/wp\/v2\/tags?post=135456"}],"curies":[{"name":"wp","href":"https:\/\/api.w.org\/{rel}","templated":true}]}}