{"id":135435,"date":"2024-01-11T16:17:12","date_gmt":"2024-01-11T22:17:12","guid":{"rendered":"https:\/\/nvnoticias.mx\/?p=135435"},"modified":"2024-01-11T16:17:13","modified_gmt":"2024-01-11T22:17:13","slug":"celebra-primer-ministro-britanico-una-reunion-del-gobierno-ante-posible-accion-militar-contra-huties","status":"publish","type":"post","link":"https:\/\/nvnoticias.mx\/index.php\/2024\/01\/11\/celebra-primer-ministro-britanico-una-reunion-del-gobierno-ante-posible-accion-militar-contra-huties\/","title":{"rendered":"Celebra primer ministro brit\u00e1nico  una reuni\u00f3n del gobierno ante posible acci\u00f3n militar contra hut\u00edes"},"content":{"rendered":"\n<p>El primer ministro brit\u00e1nico,&nbsp;<strong>Rishi Sunak<\/strong>, celebra este jueves una reuni\u00f3n del Gobierno ante las conjeturas de que el Reino Unido podr\u00eda participar en una acci\u00f3n militar contra los hut\u00edes tras los ataques de estos rebeldes contra embarcaciones en el&nbsp;<strong>mar Rojo,<\/strong>&nbsp;seg\u00fan adelantan los medios locales.<\/p>\n\n\n\n<p>El l\u00edder conservador tuvo un contacto telem\u00e1tico con miembros de su gabinete y tambi\u00e9n ha consultado al presidente de la C\u00e1mara de los Comunes (Baja),<strong>\u00a0Lindsay Hoyle<\/strong>, as\u00ed como el l\u00edder de la oposici\u00f3n laborista,\u00a0<strong>Keir Starmer<\/strong>, de acuerdo con la BBC.<\/p>\n\n\n\n<p>Seg\u00fan los expertos, el Reino Unido podr\u00eda tomar una acci\u00f3n militar, junto con EU, contra los hut\u00edes sin necesidad de consultar al <strong>Parlamento de Westminster\u00a0<\/strong>(brit\u00e1nico).<\/p>\n\n\n\n<p>La reuni\u00f3n de hoy se celebra despu\u00e9s de que las fuerzas navales del Reino Unido y EU destruyeran &#8220;m\u00faltiples drones de ataque&#8221; desplegados por los rebeldes hut\u00edes en el Mar Rojo.<\/p>\n\n\n\n<p>Los hut\u00edes, grupo chi\u00edta que controla la capital de Yemen desde 2014, act\u00faa supuestamente con el apoyo de Ir\u00e1n.<\/p>\n\n\n\n<p>En el \u00faltimo mes, algunas empresas navieras y petroleras decidieron suspender temporalmente el tr\u00e1nsito por el mar Rojo como medida de precauci\u00f3n debido a los ataques de los hut\u00edes.<\/p>\n\n\n\n<p>La situaci\u00f3n en la regi\u00f3n se agrav\u00f3 despu\u00e9s de que Ir\u00e1n capturase un petrolero en las cosas de Om\u00e1n, lo que hace temer la posibilidad de una escalada en el conflicto en\u00a0<strong>Medio Oriente.<\/strong><\/p>\n\n\n\n<p>Seg\u00fan la Armada iran\u00ed, la captura de un &#8220;petrolero estadounidense&#8221; en el mar de Om\u00e1n fue una acci\u00f3n en respuesta a la incautaci\u00f3n de crudo persa por parte de EU el a\u00f1o pasado.<\/p>\n\n\n\n<p>Fuente:<a href=\"https:\/\/www.eluniversal.com.mx\/mundo\/primer-ministro-britanico-celebra-una-reunion-del-gobierno-ante-posible-accion-militar-contra-huties\/\" data-type=\"URL\" data-id=\"https:\/\/www.eluniversal.com.mx\/mundo\/primer-ministro-britanico-celebra-una-reunion-del-gobierno-ante-posible-accion-militar-contra-huties\/\"> El Universal<\/a> <\/p>\n","protected":false},"excerpt":{"rendered":"<p>El primer ministro brit\u00e1nico,&nbsp;Rishi Sunak, celebra este jueves una reuni\u00f3n del Gobierno ante las conjeturas de que el Reino Unido podr\u00eda participar en una acci\u00f3n militar contra los hut\u00edes tras los ataques de estos rebeldes contra embarcaciones en el&nbsp;mar Rojo,&nbsp;seg\u00fan adelantan los medios locales. El l\u00edder conservador tuvo un contacto telem\u00e1tico con miembros de su [&hellip;]<\/p>\n","protected":false},"author":35,"featured_media":25640,"comment_status":"open","ping_status":"open","sticky":false,"template":"","format":"standard","meta":{"_monsterinsights_skip_tracking":false,"_monsterinsights_sitenote_active":false,"_monsterinsights_sitenote_note":"","_monsterinsights_sitenote_category":0,"footnotes":""},"categories":[181],"tags":[6581,9689,8359],"class_list":["post-135435","post","type-post","status-publish","format-standard","has-post-thumbnail","hentry","category-internacional","tag-britanico","tag-celebra","tag-ministro","wp-image-borders"],"amp_enabled":true,"_links":{"self":[{"href":"https:\/\/nvnoticias.mx\/index.php\/wp-json\/wp\/v2\/posts\/135435","targetHints":{"allow":["GET"]}}],"collection":[{"href":"https:\/\/nvnoticias.mx\/index.php\/wp-json\/wp\/v2\/posts"}],"about":[{"href":"https:\/\/nvnoticias.mx\/index.php\/wp-json\/wp\/v2\/types\/post"}],"author":[{"embeddable":true,"href":"https:\/\/nvnoticias.mx\/index.php\/wp-json\/wp\/v2\/users\/35"}],"replies":[{"embeddable":true,"href":"https:\/\/nvnoticias.mx\/index.php\/wp-json\/wp\/v2\/comments?post=135435"}],"version-history":[{"count":3,"href":"https:\/\/nvnoticias.mx\/index.php\/wp-json\/wp\/v2\/posts\/135435\/revisions"}],"predecessor-version":[{"id":135438,"href":"https:\/\/nvnoticias.mx\/index.php\/wp-json\/wp\/v2\/posts\/135435\/revisions\/135438"}],"wp:featuredmedia":[{"embeddable":true,"href":"https:\/\/nvnoticias.mx\/index.php\/wp-json\/wp\/v2\/media\/25640"}],"wp:attachment":[{"href":"https:\/\/nvnoticias.mx\/index.php\/wp-json\/wp\/v2\/media?parent=135435"}],"wp:term":[{"taxonomy":"category","embeddable":true,"href":"https:\/\/nvnoticias.mx\/index.php\/wp-json\/wp\/v2\/categories?post=135435"},{"taxonomy":"post_tag","embeddable":true,"href":"https:\/\/nvnoticias.mx\/index.php\/wp-json\/wp\/v2\/tags?post=135435"}],"curies":[{"name":"wp","href":"https:\/\/api.w.org\/{rel}","templated":true}]}}