{"id":135337,"date":"2024-01-10T19:24:19","date_gmt":"2024-01-11T01:24:19","guid":{"rendered":"https:\/\/nvnoticias.mx\/?p=135337"},"modified":"2024-01-10T19:24:21","modified_gmt":"2024-01-11T01:24:21","slug":"arranca-pretemporada-el-aguila-femenil","status":"publish","type":"post","link":"https:\/\/nvnoticias.mx\/index.php\/2024\/01\/10\/arranca-pretemporada-el-aguila-femenil\/","title":{"rendered":"Arranca pretemporada El \u00c1guila Femenil"},"content":{"rendered":"\n<p>La historia ya comenz\u00f3 en el puerto, El \u00c1guila de Veracruz Femenil inici\u00f3 oficialmente su pretemporada con miras al arranque de la primera temporada de la Liga Mexicana de softbol. <\/p>\n\n\n\n<p>Por la ma\u00f1ana en el terreno del Estadio Beto \u00c1vila, el equipo realiz\u00f3 trabajo de acondicionamiento f\u00edsico a cargo de Ysrael Rergis. <\/p>\n\n\n\n<p>En entrenamiento estuvo dirigido por la m\u00e1nager Flor Imperial y Liliana Pedroza, coach de banca. <\/p>\n\n\n\n<p>Cuando el reloj marc\u00f3 las 15:00 horas comenzaron a sonar los primeros batazos de El \u00c1guila de Veracruz Femenil; se trabajaron aspectos t\u00e9cnico-t\u00e1cticos. <\/p>\n\n\n\n<p>Las \u00fanicas jugadoras que faltan de reportar son Daniela Leal y Yuneisby Acacio. El equipo femenil tuvo una visita del Presidente de El \u00c1guila de Veracruz, Bernardo Pasquel quien les dio la bienvenida a El Glorioso. <\/p>\n\n\n\n<blockquote class=\"wp-block-quote is-layout-flow wp-block-quote-is-layout-flow\"><p>\u201cMuy contento por las personas que llegaron, les deseo much\u00edsima suerte, divi\u00e9rtanse, ser la primera generaci\u00f3n de mujeres que se dedicar\u00e1n profesionalmente a hacer este deporte. <\/p><\/blockquote>\n\n\n\n<blockquote class=\"wp-block-quote is-layout-flow wp-block-quote-is-layout-flow\"><p>\u201cEspero ser como due\u00f1o, cada a\u00f1o darles m\u00e1s beneficios, ustedes como primera generaci\u00f3n, si\u00e9ntanse orgullosas, bienvenidas a Veracruz y gracias por estar con nosotros\u201d, sentenci\u00f3 Bernardo Pasquel. <\/p><\/blockquote>\n\n\n\n<p>Andrea Valdez, Gerente deportivo de la organizaci\u00f3n jarocha en la Liga Mexicana de Softbol coment\u00f3 que El \u00c1guila Femenil tendr\u00e1 varios juegos de preparaci\u00f3n; juegos de interescuadras, el d\u00eda s\u00e1bado 13 de enero y 17 de enero en el Estadio Beto \u00c1vila a puerta abierta para toda la afici\u00f3n y juegos en la Ciudad de M\u00e9xico contra Selecciones locales. <\/p>\n\n\n\n<p><\/p>\n","protected":false},"excerpt":{"rendered":"<p>La historia ya comenz\u00f3 en el puerto, El \u00c1guila de Veracruz Femenil inici\u00f3 oficialmente su pretemporada con miras al arranque de la primera temporada de la Liga Mexicana de softbol. Por la ma\u00f1ana en el terreno del Estadio Beto \u00c1vila, el equipo realiz\u00f3 trabajo de acondicionamiento f\u00edsico a cargo de Ysrael Rergis. En entrenamiento estuvo [&hellip;]<\/p>\n","protected":false},"author":8,"featured_media":135338,"comment_status":"open","ping_status":"open","sticky":false,"template":"","format":"standard","meta":{"_monsterinsights_skip_tracking":false,"_monsterinsights_sitenote_active":false,"_monsterinsights_sitenote_note":"","_monsterinsights_sitenote_category":0,"footnotes":""},"categories":[159],"tags":[28987,2777],"class_list":["post-135337","post","type-post","status-publish","format-standard","has-post-thumbnail","hentry","category-deportes","tag-el-aguila-de-veracruz-femenil","tag-pretemporada","wp-image-borders"],"amp_enabled":true,"_links":{"self":[{"href":"https:\/\/nvnoticias.mx\/index.php\/wp-json\/wp\/v2\/posts\/135337","targetHints":{"allow":["GET"]}}],"collection":[{"href":"https:\/\/nvnoticias.mx\/index.php\/wp-json\/wp\/v2\/posts"}],"about":[{"href":"https:\/\/nvnoticias.mx\/index.php\/wp-json\/wp\/v2\/types\/post"}],"author":[{"embeddable":true,"href":"https:\/\/nvnoticias.mx\/index.php\/wp-json\/wp\/v2\/users\/8"}],"replies":[{"embeddable":true,"href":"https:\/\/nvnoticias.mx\/index.php\/wp-json\/wp\/v2\/comments?post=135337"}],"version-history":[{"count":1,"href":"https:\/\/nvnoticias.mx\/index.php\/wp-json\/wp\/v2\/posts\/135337\/revisions"}],"predecessor-version":[{"id":135339,"href":"https:\/\/nvnoticias.mx\/index.php\/wp-json\/wp\/v2\/posts\/135337\/revisions\/135339"}],"wp:featuredmedia":[{"embeddable":true,"href":"https:\/\/nvnoticias.mx\/index.php\/wp-json\/wp\/v2\/media\/135338"}],"wp:attachment":[{"href":"https:\/\/nvnoticias.mx\/index.php\/wp-json\/wp\/v2\/media?parent=135337"}],"wp:term":[{"taxonomy":"category","embeddable":true,"href":"https:\/\/nvnoticias.mx\/index.php\/wp-json\/wp\/v2\/categories?post=135337"},{"taxonomy":"post_tag","embeddable":true,"href":"https:\/\/nvnoticias.mx\/index.php\/wp-json\/wp\/v2\/tags?post=135337"}],"curies":[{"name":"wp","href":"https:\/\/api.w.org\/{rel}","templated":true}]}}