{"id":135278,"date":"2024-01-10T12:35:52","date_gmt":"2024-01-10T18:35:52","guid":{"rendered":"https:\/\/nvnoticias.mx\/?p=135278"},"modified":"2024-01-10T12:35:53","modified_gmt":"2024-01-10T18:35:53","slug":"inicia-sesion-permanente-de-movimiento-ciudadano","status":"publish","type":"post","link":"https:\/\/nvnoticias.mx\/index.php\/2024\/01\/10\/inicia-sesion-permanente-de-movimiento-ciudadano\/","title":{"rendered":"Inicia sesi\u00f3n Permanente de Movimiento Ciudadano"},"content":{"rendered":"\n<p>Con la Ausencia de\u00a0<strong>Enrique Alfaro<\/strong>\u00a0y otros miembros del denominado\u00a0<strong>Grupo Jalisco<\/strong>,\u00a0<strong>Movimiento Ciudadano<\/strong>\u00a0inici\u00f3 su\u00a0<strong>sesi\u00f3n Permanente<\/strong>, en la que aprobar\u00e1n su\u00a0<strong>Plataforma Electoral<\/strong>\u00a0y su\u00a0<strong>Programa de Gobierno<\/strong>, denominado &#8220;2024-2030 &#8220;Un Buen Gobierno para M\u00e9xico&#8221;.<\/p>\n\n\n\n<p>Al inicio del evento, que se desarrolla de manera privada, se observ\u00f3 al dirigente nacional Dante Delgado, al gobernador de Nuevo Le\u00f3n, Samuel Garc\u00eda, a Ver\u00f3nica Delgadillo, a la diputada Ivonne Ortega, entre otros liderazgos.<\/p>\n\n\n\n<p>En la sesi\u00f3n tambi\u00e9n se prev\u00e9 la aprobaci\u00f3n de las propuestas que someta a consideraci\u00f3n el coordinador de la Comisi\u00f3n Operativa Nacional, adem\u00e1s de asuntos generales y un mensaje de clausura por parte del dirigente nacional.<\/p>\n\n\n\n<p>Al evento no lleg\u00f3 Jorge \u00c1lvarez M\u00e1ynez, quien a las 12:00 horas se registrar\u00e1 de manera interna como candidato presidencial de MC.<\/p>\n\n\n\n<p>Fuente: <a href=\"https:\/\/www.eluniversal.com.mx\/elecciones\/con-la-ausencia-del-grupo-jalisco-inicia-sesion-permanente-de-movimiento-ciudadano\/\" data-type=\"URL\" data-id=\"https:\/\/www.eluniversal.com.mx\/elecciones\/con-la-ausencia-del-grupo-jalisco-inicia-sesion-permanente-de-movimiento-ciudadano\/\">El Universal<\/a><\/p>\n","protected":false},"excerpt":{"rendered":"<p>Con la Ausencia de\u00a0Enrique Alfaro\u00a0y otros miembros del denominado\u00a0Grupo Jalisco,\u00a0Movimiento Ciudadano\u00a0inici\u00f3 su\u00a0sesi\u00f3n Permanente, en la que aprobar\u00e1n su\u00a0Plataforma Electoral\u00a0y su\u00a0Programa de Gobierno, denominado &#8220;2024-2030 &#8220;Un Buen Gobierno para M\u00e9xico&#8221;. Al inicio del evento, que se desarrolla de manera privada, se observ\u00f3 al dirigente nacional Dante Delgado, al gobernador de Nuevo Le\u00f3n, Samuel Garc\u00eda, a Ver\u00f3nica [&hellip;]<\/p>\n","protected":false},"author":35,"featured_media":131904,"comment_status":"open","ping_status":"open","sticky":false,"template":"","format":"standard","meta":{"_monsterinsights_skip_tracking":false,"_monsterinsights_sitenote_active":false,"_monsterinsights_sitenote_note":"","_monsterinsights_sitenote_category":0,"footnotes":""},"categories":[158],"tags":[9065,687,9034],"class_list":["post-135278","post","type-post","status-publish","format-standard","has-post-thumbnail","hentry","category-politica","tag-inicia","tag-movimiento-ciudadano","tag-sesion","wp-image-borders"],"amp_enabled":true,"_links":{"self":[{"href":"https:\/\/nvnoticias.mx\/index.php\/wp-json\/wp\/v2\/posts\/135278","targetHints":{"allow":["GET"]}}],"collection":[{"href":"https:\/\/nvnoticias.mx\/index.php\/wp-json\/wp\/v2\/posts"}],"about":[{"href":"https:\/\/nvnoticias.mx\/index.php\/wp-json\/wp\/v2\/types\/post"}],"author":[{"embeddable":true,"href":"https:\/\/nvnoticias.mx\/index.php\/wp-json\/wp\/v2\/users\/35"}],"replies":[{"embeddable":true,"href":"https:\/\/nvnoticias.mx\/index.php\/wp-json\/wp\/v2\/comments?post=135278"}],"version-history":[{"count":1,"href":"https:\/\/nvnoticias.mx\/index.php\/wp-json\/wp\/v2\/posts\/135278\/revisions"}],"predecessor-version":[{"id":135279,"href":"https:\/\/nvnoticias.mx\/index.php\/wp-json\/wp\/v2\/posts\/135278\/revisions\/135279"}],"wp:featuredmedia":[{"embeddable":true,"href":"https:\/\/nvnoticias.mx\/index.php\/wp-json\/wp\/v2\/media\/131904"}],"wp:attachment":[{"href":"https:\/\/nvnoticias.mx\/index.php\/wp-json\/wp\/v2\/media?parent=135278"}],"wp:term":[{"taxonomy":"category","embeddable":true,"href":"https:\/\/nvnoticias.mx\/index.php\/wp-json\/wp\/v2\/categories?post=135278"},{"taxonomy":"post_tag","embeddable":true,"href":"https:\/\/nvnoticias.mx\/index.php\/wp-json\/wp\/v2\/tags?post=135278"}],"curies":[{"name":"wp","href":"https:\/\/api.w.org\/{rel}","templated":true}]}}