{"id":13526,"date":"2021-05-17T09:58:17","date_gmt":"2021-05-17T14:58:17","guid":{"rendered":"https:\/\/nvnoticias.mx\/?p=13526"},"modified":"2021-05-17T09:58:18","modified_gmt":"2021-05-17T14:58:18","slug":"avanza-vacunacion-en-puerto-de-veracruz-y-coatzacoalcos","status":"publish","type":"post","link":"https:\/\/nvnoticias.mx\/index.php\/2021\/05\/17\/avanza-vacunacion-en-puerto-de-veracruz-y-coatzacoalcos\/","title":{"rendered":"Avanza vacunaci\u00f3n en puerto de Veracruz y Coatzacoalcos"},"content":{"rendered":"\n<p><strong>Sam Ojeda\u00a0\/ NV Noticias <\/strong><\/p>\n\n\n\n<p>Xalapa.-\u00a0A partir de este martes 18 y hasta el jueves 20 de mayo se iniciar\u00e1 con la vacunaci\u00f3n de personas de 50 a 59 a\u00f1os de edad as\u00ed como mujeres embrazadas de m\u00e1s de 18 a\u00f1os en el puerto de Coatzacoalcos.\u00a0<\/p>\n\n\n\n<p>Adicionalmente este lunes inici\u00f3 la vacunaci\u00f3n contra el covid-19 para la poblaci\u00f3n de 50 a 59 a\u00f1os de edad, para lo cual se habilitaron 12 m\u00f3dulos. Los m\u00f3dulos est\u00e1n instalados en el Colegio de Bachilleres del Estado de Veracruz (Cobaev) en Tarimoya; uno m\u00e1s en el Instituto Tecnol\u00f3gico de Veracruz.\u00a0<\/p>\n\n\n\n<p>Hay un m\u00f3dulos en Escuela Secundaria T\u00e9cnica n\u00famero 130; uno m\u00e1s en el Club Naval, en la Facultad de Medicina de la Universidad Veracruzana (UV), en el Auditorio Benito Ju\u00e1rez y en el Club de Leones. Tambi\u00e9n se instal\u00f3 un m\u00f3dulo en la Escuela Secundaria Federal \u201cJos\u00e9 Mart\u00ed\u201d, en la Escuela Primaria \u201cNicol\u00e1s Bravo\u201d, en el C.J. Dos Lomas y en la Casa del Campesino.<\/p>\n\n\n\n<p>Los horarios ser\u00e1n los mismos que en ocasiones anteriores, de 8 de la ma\u00f1ana a 6 de la tarde, y la jornada concluir\u00e1 el pr\u00f3ximo 21 de mayo.\u00a0<\/p>\n\n\n\n<p>La aplicaci\u00f3n de la vacuna ser\u00e1 por letras; el 17 de mayo de la A a la D; el 18 de la E a la J; el 19 de mayo tocar\u00e1 el turno de la K a la O; el 20 de mayo ser\u00e1 para las personas con apellido que va de la P a la S y el 21 de mayo para las letras de la T a la Z.\u00a0<\/p>\n\n\n\n<p>Sobre la vacunaci\u00f3n de adultos de entre 50 a 59 a\u00f1os de edad y mujeres embarazadas a partir de la novena semana de gestaci\u00f3n en Coatzacoalcos, se informa que se habilitar\u00e1n seis m\u00f3dulos.<\/p>\n\n\n\n<p>Estos estar\u00e1n ubicados en el Instituto Tecnol\u00f3gico Superior de Coatzacoalcos (ITESCO), en la Universidad Veracruzana, en la Unidad Deportiva La Alameda, as\u00ed como en el deportivo \u201cMargarita Maza de Ju\u00e1rez\u201d, el Domo Municipal y el Gimnasio Municipal.\u00a0<\/p>\n\n\n\n<p>La vacunaci\u00f3n se realizar\u00e1 de acuerdo a la primera letra del primer apellido; el 18 de mayo ser\u00e1 para quienes tengan apellido de la A a la I; el 19 para las letras de la J a la Q y el 20 de mayo de la R a la Z.<\/p>\n","protected":false},"excerpt":{"rendered":"<p>Sam Ojeda\u00a0\/ NV Noticias Xalapa.-\u00a0A partir de este martes 18 y hasta el jueves 20 de mayo se iniciar\u00e1 con la vacunaci\u00f3n de personas de 50 a 59 a\u00f1os de edad as\u00ed como mujeres embrazadas de m\u00e1s de 18 a\u00f1os en el puerto de Coatzacoalcos.\u00a0 Adicionalmente este lunes inici\u00f3 la vacunaci\u00f3n contra el covid-19 para [&hellip;]<\/p>\n","protected":false},"author":6,"featured_media":12589,"comment_status":"open","ping_status":"open","sticky":false,"template":"","format":"standard","meta":{"_monsterinsights_skip_tracking":false,"_monsterinsights_sitenote_active":false,"_monsterinsights_sitenote_note":"","_monsterinsights_sitenote_category":0,"footnotes":""},"categories":[156],"tags":[504,162,809,180],"class_list":["post-13526","post","type-post","status-publish","format-standard","has-post-thumbnail","hentry","category-estado","tag-coatzacoalcos","tag-portada","tag-vacunacion","tag-veracruz","wp-image-borders"],"amp_enabled":true,"_links":{"self":[{"href":"https:\/\/nvnoticias.mx\/index.php\/wp-json\/wp\/v2\/posts\/13526","targetHints":{"allow":["GET"]}}],"collection":[{"href":"https:\/\/nvnoticias.mx\/index.php\/wp-json\/wp\/v2\/posts"}],"about":[{"href":"https:\/\/nvnoticias.mx\/index.php\/wp-json\/wp\/v2\/types\/post"}],"author":[{"embeddable":true,"href":"https:\/\/nvnoticias.mx\/index.php\/wp-json\/wp\/v2\/users\/6"}],"replies":[{"embeddable":true,"href":"https:\/\/nvnoticias.mx\/index.php\/wp-json\/wp\/v2\/comments?post=13526"}],"version-history":[{"count":1,"href":"https:\/\/nvnoticias.mx\/index.php\/wp-json\/wp\/v2\/posts\/13526\/revisions"}],"predecessor-version":[{"id":13527,"href":"https:\/\/nvnoticias.mx\/index.php\/wp-json\/wp\/v2\/posts\/13526\/revisions\/13527"}],"wp:featuredmedia":[{"embeddable":true,"href":"https:\/\/nvnoticias.mx\/index.php\/wp-json\/wp\/v2\/media\/12589"}],"wp:attachment":[{"href":"https:\/\/nvnoticias.mx\/index.php\/wp-json\/wp\/v2\/media?parent=13526"}],"wp:term":[{"taxonomy":"category","embeddable":true,"href":"https:\/\/nvnoticias.mx\/index.php\/wp-json\/wp\/v2\/categories?post=13526"},{"taxonomy":"post_tag","embeddable":true,"href":"https:\/\/nvnoticias.mx\/index.php\/wp-json\/wp\/v2\/tags?post=13526"}],"curies":[{"name":"wp","href":"https:\/\/api.w.org\/{rel}","templated":true}]}}