{"id":135199,"date":"2024-01-09T13:48:38","date_gmt":"2024-01-09T19:48:38","guid":{"rendered":"https:\/\/nvnoticias.mx\/?p=135199"},"modified":"2024-01-09T13:48:39","modified_gmt":"2024-01-09T19:48:39","slug":"willem-dafoe-recibe-estrella-en-el-paseo-de-la-fama-de-hollywood","status":"publish","type":"post","link":"https:\/\/nvnoticias.mx\/index.php\/2024\/01\/09\/willem-dafoe-recibe-estrella-en-el-paseo-de-la-fama-de-hollywood\/","title":{"rendered":"Willem Dafoe recibe estrella en el Paseo de la Fama de Hollywood"},"content":{"rendered":"\n<p>El actor\u00a0<strong>Willem Dafoe<\/strong>\u00a0recibi\u00f3 este lunes una estrella en el<strong>\u00a0Paseo de la Fama de Hollywood<\/strong>, se trata del primer actor que recibe esta condecoraci\u00f3n en 2024.<\/p>\n\n\n\n<p>Acompa\u00f1ado de&nbsp;<strong>Patricia Arquette, Pedro Pascal<\/strong>, y su esposa, la directora&nbsp;<strong>Giada Colagrande<\/strong>, el reconocido actor se present\u00f3 al homenaje tan solo un d\u00eda despu\u00e9s de recibir ovaciones en los Globos de Oro, que reconocieron como mejor pel\u00edcula de comedia o musical a la cinta &#8216;Poor Things&#8217;, de la que fue parte.<\/p>\n\n\n\n<blockquote class=\"wp-block-quote is-layout-flow wp-block-quote-is-layout-flow\"><p>&#8220;No puedo dejar de sonre\u00edr, parezco un idiota, pero esto es maravilloso&#8221;, fueron las primeras palabras de Dafoe al revelarse la estrella.<\/p><\/blockquote>\n\n\n\n<blockquote class=\"wp-block-quote is-layout-flow wp-block-quote-is-layout-flow\"><p>&#8220;Es incre\u00edble ser parte de esta comunidad de artistas y entretenedores, (&#8230;) espero que de alguna manera lo que estamos haciendo pueda hacer al mundo un poco mejor&#8221;, a\u00f1adi\u00f3.<\/p><\/blockquote>\n\n\n\n<p>Durante la ceremonia, Pedro Pascal record\u00f3 un recuerdo de su infancia, muchos a\u00f1os antes de que conociera al actor durante las grabaciones de la cinta &#8216;The Great Wall'(2016).<\/p>\n\n\n\n<blockquote class=\"wp-block-quote is-layout-flow wp-block-quote-is-layout-flow\"><p>&#8220;Vi &#8216;Platoon&#8217; en el cine con mi padre, y (Willem) me hizo llorar tanto que mi padre me mand\u00f3 al ba\u00f1o. Yo ten\u00eda como 10 a\u00f1os y ya quer\u00eda ser un actor&#8221;, narr\u00f3 Pascal.<\/p><\/blockquote>\n\n\n\n<blockquote class=\"wp-block-quote is-layout-flow wp-block-quote-is-layout-flow\"><p>&#8220;\u00c9l redefini\u00f3 el concepto de rebeld\u00eda y originalidad convirti\u00e9ndolo en generosidad, integridad, amabilidad y diversi\u00f3n. Willem es divertido y un amigo incre\u00edble&#8221;, ahond\u00f3.<\/p><\/blockquote>\n\n\n\n<p>El actor de &#8216;The Last of Us&#8217; tambi\u00e9n llam\u00f3 a Dafoe su &#8220;maestro&#8221; y reconoci\u00f3 su amplia trayectoria compuesta por cuatro nominaciones al Oscar, un premio BAFTA y cuatro Globos de Oro.<\/p>\n\n\n\n<p>Hijo de padres dedicados a la medicina, Dafoe naci\u00f3 en Appleton, Wisconsin (EEUU), en 1995. Estudi\u00f3 arte dram\u00e1tico en la Universidad de Wisconsin-Milwaukee y fue parte del grupo de teatro de Avant-Garde Theatre X.<\/p>\n\n\n\n<p>Fuente: <a href=\"https:\/\/www.eluniversal.com.mx\/espectaculos\/willem-dafoe-recibe-estrella-en-el-paseo-de-la-fama-de-hollywood-no-puedo-dejar-de-sonreir-parezco-un-idiota\/\" data-type=\"URL\" data-id=\"https:\/\/www.eluniversal.com.mx\/espectaculos\/willem-dafoe-recibe-estrella-en-el-paseo-de-la-fama-de-hollywood-no-puedo-dejar-de-sonreir-parezco-un-idiota\/\">El Universal<\/a><\/p>\n","protected":false},"excerpt":{"rendered":"<p>El actor\u00a0Willem Dafoe\u00a0recibi\u00f3 este lunes una estrella en el\u00a0Paseo de la Fama de Hollywood, se trata del primer actor que recibe esta condecoraci\u00f3n en 2024. Acompa\u00f1ado de&nbsp;Patricia Arquette, Pedro Pascal, y su esposa, la directora&nbsp;Giada Colagrande, el reconocido actor se present\u00f3 al homenaje tan solo un d\u00eda despu\u00e9s de recibir ovaciones en los Globos de [&hellip;]<\/p>\n","protected":false},"author":35,"featured_media":135200,"comment_status":"open","ping_status":"open","sticky":false,"template":"","format":"standard","meta":{"_monsterinsights_skip_tracking":false,"_monsterinsights_sitenote_active":false,"_monsterinsights_sitenote_note":"","_monsterinsights_sitenote_category":0,"footnotes":""},"categories":[576],"tags":[10082,1874,11176,28967],"class_list":["post-135199","post","type-post","status-publish","format-standard","has-post-thumbnail","hentry","category-ocio","tag-estrella","tag-hollywood","tag-paseo-de-la-fama","tag-willem-dafoe","wp-image-borders"],"amp_enabled":true,"_links":{"self":[{"href":"https:\/\/nvnoticias.mx\/index.php\/wp-json\/wp\/v2\/posts\/135199","targetHints":{"allow":["GET"]}}],"collection":[{"href":"https:\/\/nvnoticias.mx\/index.php\/wp-json\/wp\/v2\/posts"}],"about":[{"href":"https:\/\/nvnoticias.mx\/index.php\/wp-json\/wp\/v2\/types\/post"}],"author":[{"embeddable":true,"href":"https:\/\/nvnoticias.mx\/index.php\/wp-json\/wp\/v2\/users\/35"}],"replies":[{"embeddable":true,"href":"https:\/\/nvnoticias.mx\/index.php\/wp-json\/wp\/v2\/comments?post=135199"}],"version-history":[{"count":1,"href":"https:\/\/nvnoticias.mx\/index.php\/wp-json\/wp\/v2\/posts\/135199\/revisions"}],"predecessor-version":[{"id":135201,"href":"https:\/\/nvnoticias.mx\/index.php\/wp-json\/wp\/v2\/posts\/135199\/revisions\/135201"}],"wp:featuredmedia":[{"embeddable":true,"href":"https:\/\/nvnoticias.mx\/index.php\/wp-json\/wp\/v2\/media\/135200"}],"wp:attachment":[{"href":"https:\/\/nvnoticias.mx\/index.php\/wp-json\/wp\/v2\/media?parent=135199"}],"wp:term":[{"taxonomy":"category","embeddable":true,"href":"https:\/\/nvnoticias.mx\/index.php\/wp-json\/wp\/v2\/categories?post=135199"},{"taxonomy":"post_tag","embeddable":true,"href":"https:\/\/nvnoticias.mx\/index.php\/wp-json\/wp\/v2\/tags?post=135199"}],"curies":[{"name":"wp","href":"https:\/\/api.w.org\/{rel}","templated":true}]}}