{"id":13519,"date":"2021-05-17T09:30:22","date_gmt":"2021-05-17T14:30:22","guid":{"rendered":"https:\/\/nvnoticias.mx\/?p=13519"},"modified":"2021-05-17T09:30:23","modified_gmt":"2021-05-17T14:30:23","slug":"las-distintas-tonadas-de-la-izquierda-mexicana","status":"publish","type":"post","link":"https:\/\/nvnoticias.mx\/index.php\/2021\/05\/17\/las-distintas-tonadas-de-la-izquierda-mexicana\/","title":{"rendered":"Las distintas tonadas de la izquierda mexicana"},"content":{"rendered":"\n<p><strong>Mtro<\/strong>. <strong>Edgard Gonz\u00e1lez Su\u00e1rez<\/strong><\/p>\n\n\n\n<p>La izquierda Mexicana, como todas las izquierdas, mantiene distintos enfoques, m\u00e9todos de lucha y objetivos pol\u00edticos, lo que hace que se agrupe en distintos foros, grupos, coaliciones o corrientes con distintos tonos y focos de inter\u00e9s, bajo un determinado entramado de formas de pensar, de sentir y de ser de izquierda. Por definici\u00f3n sociol\u00f3gica, la izquierda representa el movimiento social y pol\u00edtico que defiende la igualdad, la redistribuci\u00f3n de la riqueza, y lucha a favor del mejoramiento econ\u00f3mico y pol\u00edtico de las clases m\u00e1s desfavorecidas. En contra posici\u00f3n, la derecha, representa al movimiento pol\u00edtico y social que favorece la libertad individual, la concentraci\u00f3n de la riqueza y de los privilegios derivados de ella, y se constituye, tambi\u00e9n en varios grupos y tendencias a favor de las clases m\u00e1s empoderadas y privilegiadas del espacio social.<\/p>\n\n\n\n<p>En principio, entonces Jorge, deber\u00edamos referirnos a las izquierdas, y a las derechas tambi\u00e9n. &nbsp;Pero la coalici\u00f3n MORENISTA es precisamente el intento pol\u00edtico de construir una concurrencia de las distintas tonalidades de la izquierda en un movimiento, un programa y un liderazgo. En medio de toda esa diversidad, lo m\u00e1s coherente posible.<\/p>\n\n\n\n<p>En esta l\u00f3gica yo observo por lo menos tres tendencias de las izquierdas acompa\u00f1ando a Lopez Obrador en su proyecto de Transformaci\u00f3n. Cabr\u00eda aclarar que el movimiento organizado por L\u00f3pez Obrador y constituido como MORENA, no es sino una gran coalici\u00f3n de grupos, corrientes, partidos, movimientos de izquierda que empujan las l\u00edneas generales de ese proyecto de transformaci\u00f3n. Adem\u00e1s de esas tres grandes corrientes que confluyen en MORENA, hay otras que militan fuera, a trav\u00e9s de los movimientos civiles, e incluso una que lo combate o se opone a ese proyecto, como es el EZLN.<\/p>\n\n\n\n<ol class=\"wp-block-list\" type=\"1\"><li>Una izquierda sist\u00e9mica de corte reformista, moderada, que pretende ampliar derechos, abatir la desigualdad, pero manteniendo las principales virtudes \u00a0de nuestro sistema pol\u00edtico, la democracia representativa, la divisi\u00f3n de poderes, el presidencialismo como forma de gobierno, la propiedad privada y los derechos sociales, etc. Es decir, una izquierda t\u00e9cnica y de centro democr\u00e1tico, liberal progresista y\/o social-dem\u00f3crata.<\/li><li>Una izquierda social-popular de corte movilizador, que presiona por cambios sustanciales del sistema, que no solo quiere expandir derechos y abatir la desigualdad, sino hacer cambios societales a partir de la acci\u00f3n y formas organizativas democr\u00e1ticas, horizontales y populares. Es decir, la izquierda de abajo, de las bases y los trabajadores. Que no necesariamente est\u00e1n en la l\u00f3gica de los partidos pol\u00edticos, que viven la lucha m\u00e1s bien en la movilizaci\u00f3n y la organizaci\u00f3n popular.<\/li><li>Una izquierda no siempre entusiasmada con el L\u00f3pez Obradorismo, pero que apoya ciertas causas, de corte transversal y que exige reformas espec\u00edficas, de orden anti-sist\u00e9mico y de beneficio directo a determinados estamentos de la complejidad social: Ecologismo, Feminismo, Homosexualismo, Discapacitados, etc. Una izquierda de sectores o para sectores.<\/li><\/ol>\n\n\n\n<p>Y finalmente\u2026<\/p>\n\n\n\n<ul class=\"wp-block-list\"><li>Una izquierda antisist\u00e9mica de corte moral e incluso opositor, que pretende una sociedad ideal, instaurar un para\u00edso social, y que pretende enfrentarse al imperialismo de frente y de una vez por todas, y si no, \u201cque no se metan con nosotros\u201d, como lo sostiene el EZLN, y sus tendencias Antiglobalistas, y defensa de las culturas milenarias y por supuesto al Indigenismo, y aqu\u00ed cabr\u00edan toda clase de Anarcojuveniles, contraculturales y grupos de resistencia.<\/li><\/ul>\n\n\n\n<p>Luego entonces, las disputas en MORENA son disputas entre las distintas facciones que aspiran a mantener la prevalencia pol\u00edtica en las c\u00e1maras, de los ministerios del Gobierno, de los principales programas sociales y de las principales organizaciones sociales y civiles. Es un Proyecto Alternativo de Gesti\u00f3n Econ\u00f3mica y Pol\u00edtica que pretende consolidar cambios en el r\u00e9gimen pol\u00edtico para deshacer los nichos del neoliberalismo, para recuperar la soberan\u00eda Nacional y Popular y haga valer las formulaciones m\u00e1s progresistas de la Constituci\u00f3n emanada de la Revoluci\u00f3n Mexicana.<\/p>\n\n\n\n<p>Dos ventajas tiene MORENA, en este momento. Ha sido capaz de mantener el rumbo del pa\u00eds, y los principales dispositivos de control pol\u00edtico. Y adem\u00e1s ha sido capaz de negociar unificadamente con la derecha pol\u00edtica y partidaria.<\/p>\n\n\n\n<p>MORENA confeccion\u00f3 un proyecto Constitucionalista que defiende la propiedad privada, pero que piensa al Estado como regulador eficaz de las actividades econ\u00f3micas y monop\u00f3licas, para abatir la brecha entre riqueza y pobreza. Un sistema m\u00e1s democr\u00e1tico, plural y participativo, y un defensor de las causas populares y de m\u00e1s derechos ciudadanos.<\/p>\n\n\n\n<p>En tres semanas asistiremos a ver, si en estos tres a\u00f1os, ha podido mantener la simpat\u00eda, el apoyo pol\u00edtico y moral y sigue estando en el coraz\u00f3n y mente de los ciudadanos. Por lo pronto, las campa\u00f1as electorales arrec\u00edan.<\/p>\n\n\n\n<p>Estamos en espera de los resultados.<\/p>\n","protected":false},"excerpt":{"rendered":"<p>Mtro. Edgard Gonz\u00e1lez Su\u00e1rez La izquierda Mexicana, como todas las izquierdas, mantiene distintos enfoques, m\u00e9todos de lucha y objetivos pol\u00edticos, lo que hace que se agrupe en distintos foros, grupos, coaliciones o corrientes con distintos tonos y focos de inter\u00e9s, bajo un determinado entramado de formas de pensar, de sentir y de ser de izquierda. [&hellip;]<\/p>\n","protected":false},"author":26,"featured_media":631,"comment_status":"open","ping_status":"open","sticky":false,"template":"","format":"standard","meta":{"_monsterinsights_skip_tracking":false,"_monsterinsights_sitenote_active":false,"_monsterinsights_sitenote_note":"","_monsterinsights_sitenote_category":0,"footnotes":""},"categories":[242],"tags":[702],"class_list":["post-13519","post","type-post","status-publish","format-standard","has-post-thumbnail","hentry","category-macroscopio","tag-edgard-gonzalez-suarez","wp-image-borders"],"amp_enabled":true,"_links":{"self":[{"href":"https:\/\/nvnoticias.mx\/index.php\/wp-json\/wp\/v2\/posts\/13519","targetHints":{"allow":["GET"]}}],"collection":[{"href":"https:\/\/nvnoticias.mx\/index.php\/wp-json\/wp\/v2\/posts"}],"about":[{"href":"https:\/\/nvnoticias.mx\/index.php\/wp-json\/wp\/v2\/types\/post"}],"author":[{"embeddable":true,"href":"https:\/\/nvnoticias.mx\/index.php\/wp-json\/wp\/v2\/users\/26"}],"replies":[{"embeddable":true,"href":"https:\/\/nvnoticias.mx\/index.php\/wp-json\/wp\/v2\/comments?post=13519"}],"version-history":[{"count":1,"href":"https:\/\/nvnoticias.mx\/index.php\/wp-json\/wp\/v2\/posts\/13519\/revisions"}],"predecessor-version":[{"id":13520,"href":"https:\/\/nvnoticias.mx\/index.php\/wp-json\/wp\/v2\/posts\/13519\/revisions\/13520"}],"wp:featuredmedia":[{"embeddable":true,"href":"https:\/\/nvnoticias.mx\/index.php\/wp-json\/wp\/v2\/media\/631"}],"wp:attachment":[{"href":"https:\/\/nvnoticias.mx\/index.php\/wp-json\/wp\/v2\/media?parent=13519"}],"wp:term":[{"taxonomy":"category","embeddable":true,"href":"https:\/\/nvnoticias.mx\/index.php\/wp-json\/wp\/v2\/categories?post=13519"},{"taxonomy":"post_tag","embeddable":true,"href":"https:\/\/nvnoticias.mx\/index.php\/wp-json\/wp\/v2\/tags?post=13519"}],"curies":[{"name":"wp","href":"https:\/\/api.w.org\/{rel}","templated":true}]}}