{"id":135067,"date":"2024-01-08T14:33:40","date_gmt":"2024-01-08T20:33:40","guid":{"rendered":"https:\/\/nvnoticias.mx\/?p=135067"},"modified":"2024-01-08T14:33:42","modified_gmt":"2024-01-08T20:33:42","slug":"celebran-marko-cortes-y-alito-moreno-rechazo-a-ratificacion-de-ernestina-godoy","status":"publish","type":"post","link":"https:\/\/nvnoticias.mx\/index.php\/2024\/01\/08\/celebran-marko-cortes-y-alito-moreno-rechazo-a-ratificacion-de-ernestina-godoy\/","title":{"rendered":"Celebran Marko Cort\u00e9s y &#8220;Alito&#8221; Moreno rechazo a ratificaci\u00f3n de Ernestina Godoy"},"content":{"rendered":"\n<p>Los presidentes nacionales del PAN, Marko Cort\u00e9s Mendoza, y PRI, Alejandro Moreno C\u00e1rdenas, celebraron la decisi\u00f3n del Congreso de la Ciudad de M\u00e9xico de rechazar la ratificaci\u00f3n de\u00a0<strong>Ernestina Godoy<\/strong>\u00a0como fiscal general de Justicia de la capital del pa\u00eds.<\/p>\n\n\n\n<p>En redes sociales, el dirigente panista aplaudi\u00f3 el voto en contra de los diputados de oposici\u00f3n, a pesar de la intimidaci\u00f3n de que fueron objeto.<\/p>\n\n\n\n<p><strong>Marko Cort\u00e9s<\/strong>\u00a0recalc\u00f3 que la Ciudad de M\u00e9xico no necesita una\u00a0<strong>fiscal subordinada<\/strong>\u00a0al Presidente de la Rep\u00fablica y dijo que ya se siente el cambio en la capital mexicana.<\/p>\n\n\n\n<blockquote class=\"wp-block-quote is-layout-flow wp-block-quote-is-layout-flow\"><p>\u201cFinalmente se dijo NO a la ratificaci\u00f3n de @ErnestinaGodoy_. NO a la fiscal carnala que no da resultados a la gente, NO a una fiscal\u00eda persecutora de opositores, a modo y sometida al presidente.<\/p><\/blockquote>\n\n\n\n<p><\/p>\n\n\n\n<blockquote class=\"wp-block-quote is-layout-flow wp-block-quote-is-layout-flow\"><p>\u201cBien por las y los diputados locales de @AccionNacional y de la oposici\u00f3n por su voto en contra, a pesar de todas las amenazas de Morena. Ya se siente el cambio para la CDMX\u201d, escribi\u00f3 en su cuenta de X.<\/p><\/blockquote>\n\n\n\n<p>Por su parte,\u00a0<strong>Alejandro Moreno C\u00e1rdenas<\/strong>\u00a0reconoci\u00f3 en esa misma red social a los diputados priistas por votar valientemente y asegur\u00f3 que la oposici\u00f3n est\u00e1 firme.<\/p>\n\n\n\n<blockquote class=\"wp-block-quote is-layout-flow wp-block-quote-is-layout-flow\"><p>\u201cReconozco la valent\u00eda, el compromiso y la lealtad a sus principios de las Diputadas y Diputados del PRI en la Ciudad de M\u00e9xico, que votaron en contra de la ratificaci\u00f3n de la Fiscal @ErnestinaGodoy_. \u00a1La oposici\u00f3n est\u00e1 firme en la defensa de las instituciones y de la justicia!\u201d, subray\u00f3.<\/p><\/blockquote>\n\n\n\n<p>Fuente:<a href=\"https:\/\/www.eluniversal.com.mx\/nacion\/celebran-marko-cortes-y-alito-moreno-rechazo-a-ratificacion-de-ernestina-godoy-en-la-fgjcdmx\/\" data-type=\"URL\" data-id=\"https:\/\/www.eluniversal.com.mx\/nacion\/celebran-marko-cortes-y-alito-moreno-rechazo-a-ratificacion-de-ernestina-godoy-en-la-fgjcdmx\/\"> El Universal<\/a> <\/p>\n","protected":false},"excerpt":{"rendered":"<p>Los presidentes nacionales del PAN, Marko Cort\u00e9s Mendoza, y PRI, Alejandro Moreno C\u00e1rdenas, celebraron la decisi\u00f3n del Congreso de la Ciudad de M\u00e9xico de rechazar la ratificaci\u00f3n de\u00a0Ernestina Godoy\u00a0como fiscal general de Justicia de la capital del pa\u00eds. En redes sociales, el dirigente panista aplaudi\u00f3 el voto en contra de los diputados de oposici\u00f3n, a [&hellip;]<\/p>\n","protected":false},"author":35,"featured_media":6103,"comment_status":"open","ping_status":"open","sticky":false,"template":"","format":"standard","meta":{"_monsterinsights_skip_tracking":false,"_monsterinsights_sitenote_active":false,"_monsterinsights_sitenote_note":"","_monsterinsights_sitenote_category":0,"footnotes":""},"categories":[158],"tags":[6413,9689,27401,597,9263,7481],"class_list":["post-135067","post","type-post","status-publish","format-standard","has-post-thumbnail","hentry","category-politica","tag-alejandro-moreno","tag-celebra","tag-ernestina-godoy","tag-marko-cortes","tag-ratificacion","tag-rechazo","wp-image-borders"],"amp_enabled":true,"_links":{"self":[{"href":"https:\/\/nvnoticias.mx\/index.php\/wp-json\/wp\/v2\/posts\/135067","targetHints":{"allow":["GET"]}}],"collection":[{"href":"https:\/\/nvnoticias.mx\/index.php\/wp-json\/wp\/v2\/posts"}],"about":[{"href":"https:\/\/nvnoticias.mx\/index.php\/wp-json\/wp\/v2\/types\/post"}],"author":[{"embeddable":true,"href":"https:\/\/nvnoticias.mx\/index.php\/wp-json\/wp\/v2\/users\/35"}],"replies":[{"embeddable":true,"href":"https:\/\/nvnoticias.mx\/index.php\/wp-json\/wp\/v2\/comments?post=135067"}],"version-history":[{"count":3,"href":"https:\/\/nvnoticias.mx\/index.php\/wp-json\/wp\/v2\/posts\/135067\/revisions"}],"predecessor-version":[{"id":135070,"href":"https:\/\/nvnoticias.mx\/index.php\/wp-json\/wp\/v2\/posts\/135067\/revisions\/135070"}],"wp:featuredmedia":[{"embeddable":true,"href":"https:\/\/nvnoticias.mx\/index.php\/wp-json\/wp\/v2\/media\/6103"}],"wp:attachment":[{"href":"https:\/\/nvnoticias.mx\/index.php\/wp-json\/wp\/v2\/media?parent=135067"}],"wp:term":[{"taxonomy":"category","embeddable":true,"href":"https:\/\/nvnoticias.mx\/index.php\/wp-json\/wp\/v2\/categories?post=135067"},{"taxonomy":"post_tag","embeddable":true,"href":"https:\/\/nvnoticias.mx\/index.php\/wp-json\/wp\/v2\/tags?post=135067"}],"curies":[{"name":"wp","href":"https:\/\/api.w.org\/{rel}","templated":true}]}}