{"id":134942,"date":"2024-01-07T12:39:59","date_gmt":"2024-01-07T18:39:59","guid":{"rendered":"https:\/\/nvnoticias.mx\/?p=134942"},"modified":"2024-01-07T12:40:00","modified_gmt":"2024-01-07T18:40:00","slug":"sin-esclarecerse-el-caso-de-ambar-suarez-desaparecida-hace-10-anos","status":"publish","type":"post","link":"https:\/\/nvnoticias.mx\/index.php\/2024\/01\/07\/sin-esclarecerse-el-caso-de-ambar-suarez-desaparecida-hace-10-anos\/","title":{"rendered":"Sin esclarecerse el caso de \u00c1mbar Su\u00e1rez, desaparecida hace 10 a\u00f1os"},"content":{"rendered":"\n<p><strong>Jes\u00fas Utrilla | NV Noticias<\/strong><\/p>\n\n\n\n<p>Veracruz, Ver.- El caso de la desaparici\u00f3n de \u00c1mbar Nayeli Su\u00e1rez Rivera lleva 10 a\u00f1os y aunque el presunto responsable estuvo detenido, ya se encuentra en libertad, mientras tanto, de ella no se sabe nada.\u00a0<\/p>\n\n\n\n<p>Su pap\u00e1, Jes\u00fas Su\u00e1rez, integrante de la Red de Madres Veracruz, record\u00f3 que su esposa muri\u00f3 hace cinco a\u00f1os sin volver a ver a su hija.&nbsp;<\/p>\n\n\n\n<p>\u00c1mbar desapareci\u00f3 el 2 de octubre de 2013, mientras que el presunto responsable fue liberado el 12 de abril de 2022, luego de permanecer cinco a\u00f1os tras las rejas.<\/p>\n\n\n\n<blockquote class=\"wp-block-quote is-layout-flow wp-block-quote-is-layout-flow\"><p>\u201cYo fui informado hasta el 27 de abril de 2022 y met\u00ed en tiempo y forma la revocaci\u00f3n que gan\u00e9 en junio de este a\u00f1o por condena condenatoria y estoy en el proceso porque meti\u00f3 un recurso de amparo desde agosto y est\u00e1 en los juzgados federales aqu\u00ed en Veracruz\u201d.\u00a0<\/p><\/blockquote>\n\n\n\n<p>En ese entonces \u00c1mbar se encontraba por concluir su carrera en Odontolog\u00eda pero sus planes se vinieron abajo. El presunto culpable nunca dijo y actualmente est\u00e1 libre.&nbsp;<\/p>\n\n\n\n<p>La mam\u00e1 de \u00c1mbar fue quien interpuso la denuncia, al fallecer ella su pap\u00e1 es quien contin\u00faa la b\u00fasqueda.&nbsp;<\/p>\n\n\n\n<blockquote class=\"wp-block-quote is-layout-flow wp-block-quote-is-layout-flow\"><p>\u201cDe mi hija a la fecha no se absolutamente nada, siempre se ha descuidado y dijeron que yo era de un cartel y que ella grameaba, que mis hijas se drogaban pero nos hicieron todas las pruebas incluso en el cabello que es m\u00e1s dif\u00edcil que se quite. Si alguna vez consumiste ah\u00ed va a estar\u201d.<\/p><\/blockquote>\n\n\n\n<p>Cuando la familia inici\u00f3 los plantones en aquel entonces, comenzaron a sumarse personas que tambi\u00e9n buscaban a sus seres queridos. Fueron cuatro familias quienes se unieron a las protestas y exigencias de justicia y b\u00fasqueda, dos de ellas encontraron los restos de sus familiares.&nbsp;<\/p>\n\n\n\n<p>Jes\u00fas Su\u00e1rez acus\u00f3 que no bajaron los recursos de fondo de ayuda y de la unidad de b\u00fasqueda, sin embargo, la familia contin\u00faa solventando los gastos de transporte, hospedaje y alimentos.&nbsp;<\/p>\n","protected":false},"excerpt":{"rendered":"<p>Jes\u00fas Utrilla | NV Noticias Veracruz, Ver.- El caso de la desaparici\u00f3n de \u00c1mbar Nayeli Su\u00e1rez Rivera lleva 10 a\u00f1os y aunque el presunto responsable estuvo detenido, ya se encuentra en libertad, mientras tanto, de ella no se sabe nada.\u00a0 Su pap\u00e1, Jes\u00fas Su\u00e1rez, integrante de la Red de Madres Veracruz, record\u00f3 que su esposa [&hellip;]<\/p>\n","protected":false},"author":7,"featured_media":134944,"comment_status":"open","ping_status":"open","sticky":false,"template":"","format":"standard","meta":{"_monsterinsights_skip_tracking":false,"_monsterinsights_sitenote_active":false,"_monsterinsights_sitenote_note":"","_monsterinsights_sitenote_category":0,"footnotes":""},"categories":[154],"tags":[28921,8007,2910],"class_list":["post-134942","post","type-post","status-publish","format-standard","has-post-thumbnail","hentry","category-veracruz","tag-ambar-suarez","tag-caso","tag-desaparecida","wp-image-borders"],"amp_enabled":true,"_links":{"self":[{"href":"https:\/\/nvnoticias.mx\/index.php\/wp-json\/wp\/v2\/posts\/134942","targetHints":{"allow":["GET"]}}],"collection":[{"href":"https:\/\/nvnoticias.mx\/index.php\/wp-json\/wp\/v2\/posts"}],"about":[{"href":"https:\/\/nvnoticias.mx\/index.php\/wp-json\/wp\/v2\/types\/post"}],"author":[{"embeddable":true,"href":"https:\/\/nvnoticias.mx\/index.php\/wp-json\/wp\/v2\/users\/7"}],"replies":[{"embeddable":true,"href":"https:\/\/nvnoticias.mx\/index.php\/wp-json\/wp\/v2\/comments?post=134942"}],"version-history":[{"count":1,"href":"https:\/\/nvnoticias.mx\/index.php\/wp-json\/wp\/v2\/posts\/134942\/revisions"}],"predecessor-version":[{"id":134945,"href":"https:\/\/nvnoticias.mx\/index.php\/wp-json\/wp\/v2\/posts\/134942\/revisions\/134945"}],"wp:featuredmedia":[{"embeddable":true,"href":"https:\/\/nvnoticias.mx\/index.php\/wp-json\/wp\/v2\/media\/134944"}],"wp:attachment":[{"href":"https:\/\/nvnoticias.mx\/index.php\/wp-json\/wp\/v2\/media?parent=134942"}],"wp:term":[{"taxonomy":"category","embeddable":true,"href":"https:\/\/nvnoticias.mx\/index.php\/wp-json\/wp\/v2\/categories?post=134942"},{"taxonomy":"post_tag","embeddable":true,"href":"https:\/\/nvnoticias.mx\/index.php\/wp-json\/wp\/v2\/tags?post=134942"}],"curies":[{"name":"wp","href":"https:\/\/api.w.org\/{rel}","templated":true}]}}