{"id":134932,"date":"2024-01-06T13:27:24","date_gmt":"2024-01-06T19:27:24","guid":{"rendered":"https:\/\/nvnoticias.mx\/?p=134932"},"modified":"2024-01-06T13:27:26","modified_gmt":"2024-01-06T19:27:26","slug":"denuncian-nuevas-formas-de-despojo-en-el-agro-nacional","status":"publish","type":"post","link":"https:\/\/nvnoticias.mx\/index.php\/2024\/01\/06\/denuncian-nuevas-formas-de-despojo-en-el-agro-nacional\/","title":{"rendered":"Denuncian nuevas formas de despojo en el agro nacional"},"content":{"rendered":"\n<p><strong>Jes\u00fas Utrilla | NV Noticias<\/strong><\/p>\n\n\n\n<p>Organizaciones campesinas y aspirantes del PRI a los Gobiernos Estatal y Federal, conmemoraron desde Veracruz la Promulgaci\u00f3n de la Ley Agraria de 1915.<\/p>\n\n\n\n<p>Amadeo Hern\u00e1ndez Barajas, presidente del Congreso Agrario Permanente, acus\u00f3 que los campesinos son despojados de sus tierras por el crimen organizado y las inmobiliarias.<\/p>\n\n\n\n<p>Dijo que a 109 a\u00f1os de la promulgaci\u00f3n hoy se vive un M\u00e9xico moderno pero aunque es de los principales productores del mundo persisten problemas agrarios.<\/p>\n\n\n\n<blockquote class=\"wp-block-quote is-layout-flow wp-block-quote-is-layout-flow\"><p>\u201cSe ha abandonado la cuesti\u00f3n agraria, se ha minimizado a las instituciones agrarias que dan al campo certeza jur\u00eddica. Se dej\u00f3 de hacer inversi\u00f3n productiva y solo se fomenta el asistencialismo y paternalismo\u201d.<\/p><\/blockquote>\n\n\n\n<p>Acus\u00f3 que se carece de una pol\u00edtica p\u00fablica que garantice ingresos dignos a productores, que cierre la brecha entre costos de producci\u00f3n e ingresos pues no hay control ni apoyo presupuestal eficiente. Adem\u00e1s est\u00e1n realizando nuevas formas de despojo en el agro nacional.<\/p>\n\n\n\n<blockquote class=\"wp-block-quote is-layout-flow wp-block-quote-is-layout-flow\"><p>\u201cEl crimen organizado despoja y quita a los productores parte de su producto e incluso sus tierras. Hay despojo econ\u00f3mico por empresas inmobiliarias. El campo est\u00e1 en condiciones de grave vulnerabilidad\u201d.<\/p><\/blockquote>\n","protected":false},"excerpt":{"rendered":"<p>Jes\u00fas Utrilla | NV Noticias Organizaciones campesinas y aspirantes del PRI a los Gobiernos Estatal y Federal, conmemoraron desde Veracruz la Promulgaci\u00f3n de la Ley Agraria de 1915. Amadeo Hern\u00e1ndez Barajas, presidente del Congreso Agrario Permanente, acus\u00f3 que los campesinos son despojados de sus tierras por el crimen organizado y las inmobiliarias. Dijo que a [&hellip;]<\/p>\n","protected":false},"author":35,"featured_media":134935,"comment_status":"open","ping_status":"open","sticky":false,"template":"","format":"standard","meta":{"_monsterinsights_skip_tracking":false,"_monsterinsights_sitenote_active":false,"_monsterinsights_sitenote_note":"","_monsterinsights_sitenote_category":0,"footnotes":""},"categories":[154],"tags":[28920,9443,23514],"class_list":["post-134932","post","type-post","status-publish","format-standard","has-post-thumbnail","hentry","category-veracruz","tag-agro-nacional","tag-denuncian","tag-despojo","wp-image-borders"],"amp_enabled":true,"_links":{"self":[{"href":"https:\/\/nvnoticias.mx\/index.php\/wp-json\/wp\/v2\/posts\/134932","targetHints":{"allow":["GET"]}}],"collection":[{"href":"https:\/\/nvnoticias.mx\/index.php\/wp-json\/wp\/v2\/posts"}],"about":[{"href":"https:\/\/nvnoticias.mx\/index.php\/wp-json\/wp\/v2\/types\/post"}],"author":[{"embeddable":true,"href":"https:\/\/nvnoticias.mx\/index.php\/wp-json\/wp\/v2\/users\/35"}],"replies":[{"embeddable":true,"href":"https:\/\/nvnoticias.mx\/index.php\/wp-json\/wp\/v2\/comments?post=134932"}],"version-history":[{"count":1,"href":"https:\/\/nvnoticias.mx\/index.php\/wp-json\/wp\/v2\/posts\/134932\/revisions"}],"predecessor-version":[{"id":134933,"href":"https:\/\/nvnoticias.mx\/index.php\/wp-json\/wp\/v2\/posts\/134932\/revisions\/134933"}],"wp:featuredmedia":[{"embeddable":true,"href":"https:\/\/nvnoticias.mx\/index.php\/wp-json\/wp\/v2\/media\/134935"}],"wp:attachment":[{"href":"https:\/\/nvnoticias.mx\/index.php\/wp-json\/wp\/v2\/media?parent=134932"}],"wp:term":[{"taxonomy":"category","embeddable":true,"href":"https:\/\/nvnoticias.mx\/index.php\/wp-json\/wp\/v2\/categories?post=134932"},{"taxonomy":"post_tag","embeddable":true,"href":"https:\/\/nvnoticias.mx\/index.php\/wp-json\/wp\/v2\/tags?post=134932"}],"curies":[{"name":"wp","href":"https:\/\/api.w.org\/{rel}","templated":true}]}}