{"id":134854,"date":"2024-01-06T06:17:00","date_gmt":"2024-01-06T12:17:00","guid":{"rendered":"https:\/\/nvnoticias.mx\/?p=134854"},"modified":"2024-01-06T00:22:50","modified_gmt":"2024-01-06T06:22:50","slug":"ofrece-canciller-barcena-apoyo-a-fotografa-mexicana-agredida-en-colombia-por-un-estadounidense","status":"publish","type":"post","link":"https:\/\/nvnoticias.mx\/index.php\/2024\/01\/06\/ofrece-canciller-barcena-apoyo-a-fotografa-mexicana-agredida-en-colombia-por-un-estadounidense\/","title":{"rendered":"Ofrece canciller B\u00e1rcena apoyo a fot\u00f3grafa mexicana agredida en Colombia por un estadounidense"},"content":{"rendered":"\n<p><strong>Valeria Hekker<\/strong>, fot\u00f3grafa mexicana, denunci\u00f3 este viernes 5 de enero que fue\u00a0<strong>v\u00edctima\u00a0<\/strong>de un intento de\u00a0<strong>feminicidio\u00a0<\/strong>por parte de un estadounidense en\u00a0<strong>Colombia<\/strong>.<\/p>\n\n\n\n<p>Hekker public\u00f3 en&nbsp;<strong>redes sociales<\/strong>&nbsp;una imagen con golpes en su rostro y pidi\u00f3 ayuda a la&nbsp;<strong>Secretaria de Relaciones Exteriores<\/strong>&nbsp;(SRE), a cargo de&nbsp;<strong>Alicia B\u00e1rcena<\/strong>.<\/p>\n\n\n\n<blockquote class=\"wp-block-quote is-layout-flow wp-block-quote-is-layout-flow\"><p>&#8220;Me encuentro desesperada! Necesito que la\u00a0<strong>SRE\u00a0<\/strong>me ayude. Fui v\u00edctima de un intento de feminicidio estando de visita en Colombia por parte de un estadounidense residente de ese pa\u00eds!! por favor\u00a0<strong>AYUDA<\/strong>!&#8221;, escribi\u00f3 la connacional.<\/p><\/blockquote>\n\n\n\n<p>Por su lado, la canciller&nbsp;<strong>B\u00e1rcena&nbsp;<\/strong>ofreci\u00f3 apoyo a Valeria Hekker: &#8220;Estamos a disposici\u00f3n para apoyarla en SRE&#8221;.<\/p>\n\n\n\n<blockquote class=\"wp-block-quote is-layout-flow wp-block-quote-is-layout-flow\"><p>&#8220;S\u00e9 que afortunadamente ya est\u00e1 usted en M\u00e9xico y nuestro\u00a0<strong>consulado\u00a0<\/strong>en Colombia le pudo brindar apoyo para\u00a0<strong>retornar\u00a0<\/strong>como usted solicit\u00f3&#8221;, indic\u00f3 la titular de la SRE.<\/p><\/blockquote>\n\n\n\n<p><strong>Vanessa Calva<\/strong>, directora de<strong>\u00a0Protecci\u00f3n Consular y Planeaci\u00f3n Estrat\u00e9gica<\/strong>\u00a0de la SRE, se encuentra en contacto con la mexicana para brindar auxilio.<\/p>\n\n\n\n<p>Fuente: <a href=\"https:\/\/www.eluniversal.com.mx\/nacion\/ofrece-canciller-barcena-apoyo-a-fotografa-mexicana-agredida-en-colombia-por-un-estadounidense\/\" data-type=\"URL\" data-id=\"https:\/\/www.eluniversal.com.mx\/nacion\/ofrece-canciller-barcena-apoyo-a-fotografa-mexicana-agredida-en-colombia-por-un-estadounidense\/\">El Universal<\/a> <\/p>\n","protected":false},"excerpt":{"rendered":"<p>Valeria Hekker, fot\u00f3grafa mexicana, denunci\u00f3 este viernes 5 de enero que fue\u00a0v\u00edctima\u00a0de un intento de\u00a0feminicidio\u00a0por parte de un estadounidense en\u00a0Colombia. Hekker public\u00f3 en&nbsp;redes sociales&nbsp;una imagen con golpes en su rostro y pidi\u00f3 ayuda a la&nbsp;Secretaria de Relaciones Exteriores&nbsp;(SRE), a cargo de&nbsp;Alicia B\u00e1rcena. &#8220;Me encuentro desesperada! Necesito que la\u00a0SRE\u00a0me ayude. Fui v\u00edctima de un intento de [&hellip;]<\/p>\n","protected":false},"author":35,"featured_media":124121,"comment_status":"open","ping_status":"open","sticky":false,"template":"","format":"standard","meta":{"_monsterinsights_skip_tracking":false,"_monsterinsights_sitenote_active":false,"_monsterinsights_sitenote_note":"","_monsterinsights_sitenote_category":0,"footnotes":""},"categories":[157],"tags":[28915,12723,410,3643,207,10324,8617],"class_list":["post-134854","post","type-post","status-publish","format-standard","has-post-thumbnail","hentry","category-nacional","tag-agredida","tag-alicia-barcena","tag-apoyo","tag-canciller","tag-colombia","tag-fotografa","tag-ofrece","wp-image-borders"],"amp_enabled":true,"_links":{"self":[{"href":"https:\/\/nvnoticias.mx\/index.php\/wp-json\/wp\/v2\/posts\/134854","targetHints":{"allow":["GET"]}}],"collection":[{"href":"https:\/\/nvnoticias.mx\/index.php\/wp-json\/wp\/v2\/posts"}],"about":[{"href":"https:\/\/nvnoticias.mx\/index.php\/wp-json\/wp\/v2\/types\/post"}],"author":[{"embeddable":true,"href":"https:\/\/nvnoticias.mx\/index.php\/wp-json\/wp\/v2\/users\/35"}],"replies":[{"embeddable":true,"href":"https:\/\/nvnoticias.mx\/index.php\/wp-json\/wp\/v2\/comments?post=134854"}],"version-history":[{"count":3,"href":"https:\/\/nvnoticias.mx\/index.php\/wp-json\/wp\/v2\/posts\/134854\/revisions"}],"predecessor-version":[{"id":134857,"href":"https:\/\/nvnoticias.mx\/index.php\/wp-json\/wp\/v2\/posts\/134854\/revisions\/134857"}],"wp:featuredmedia":[{"embeddable":true,"href":"https:\/\/nvnoticias.mx\/index.php\/wp-json\/wp\/v2\/media\/124121"}],"wp:attachment":[{"href":"https:\/\/nvnoticias.mx\/index.php\/wp-json\/wp\/v2\/media?parent=134854"}],"wp:term":[{"taxonomy":"category","embeddable":true,"href":"https:\/\/nvnoticias.mx\/index.php\/wp-json\/wp\/v2\/categories?post=134854"},{"taxonomy":"post_tag","embeddable":true,"href":"https:\/\/nvnoticias.mx\/index.php\/wp-json\/wp\/v2\/tags?post=134854"}],"curies":[{"name":"wp","href":"https:\/\/api.w.org\/{rel}","templated":true}]}}