{"id":134653,"date":"2024-01-04T13:09:01","date_gmt":"2024-01-04T19:09:01","guid":{"rendered":"https:\/\/nvnoticias.mx\/?p=134653"},"modified":"2024-01-04T13:09:02","modified_gmt":"2024-01-04T19:09:02","slug":"por-elecciones-la-economia-se-podria-contraer-advierte-canaco","status":"publish","type":"post","link":"https:\/\/nvnoticias.mx\/index.php\/2024\/01\/04\/por-elecciones-la-economia-se-podria-contraer-advierte-canaco\/","title":{"rendered":"Por elecciones la econom\u00eda se podr\u00eda contraer, advierte Canaco"},"content":{"rendered":"\n<p><strong>Jes\u00fas Utrilla \/ NV Noticias <\/strong><\/p>\n\n\n\n<p>El 2024 ser\u00e1 un a\u00f1o complicado en t\u00e9rminos econ\u00f3micos porque ser\u00e1 electoral, se\u00f1al\u00f3 Edi Alberto Mart\u00ednez Tejeda, presidente local de la C\u00e1mara Nacional de Comercio. <\/p>\n\n\n\n<p>Record\u00f3 que en cada a\u00f1o electoral la econom\u00eda se contrae por lo que ser\u00e1 una etapa complicada.<\/p>\n\n\n\n<blockquote class=\"wp-block-quote is-layout-flow wp-block-quote-is-layout-flow\"><p><em>\u201cYo creo que todo el a\u00f1o ser\u00e1 complicado porque son \u00e9pocas electorales y luego la econom\u00eda se contrae y en \u00e9pocas electorales se enfrentan retos que en este a\u00f1o no ser\u00e1 la excepci\u00f3n\u201d.<\/em><\/p><\/blockquote>\n\n\n\n<p>Por otro lado dijo que las ventas del sector comercial de Veracruz estuvieron 10 por ciento abajo en diciembre. Sin embargo, el resultado final de las ventas decembrinas se dar\u00e1n a conocer la siguiente semana cuando concluyan las vacaciones.<\/p>\n\n\n\n<blockquote class=\"wp-block-quote is-layout-flow wp-block-quote-is-layout-flow\"><p><em>\u201cEl impacto se da por la inflaci\u00f3n que enfrentamos todos. La contracci\u00f3n econ\u00f3mica no los favorece y hasta ahorita estamos 10 por ciento abajo en comparaci\u00f3n al a\u00f1o pasado\u201d.<\/em><\/p><\/blockquote>\n\n\n\n<p>Record\u00f3 que el Buen Fin s\u00ed tuvo resultados positivos con un aumento de 15 por ciento en ventas en comparaci\u00f3n al 2022 y eso incidi\u00f3 en las ventas de diciembre.<\/p>\n\n\n\n<p>Afiliados de la Canaco se reunieron con Jos\u00e9 Yunes Zorrilla, aspirante a la gubernatura de Veracruz por el Frente Amplio.<\/p>\n","protected":false},"excerpt":{"rendered":"<p>Jes\u00fas Utrilla \/ NV Noticias El 2024 ser\u00e1 un a\u00f1o complicado en t\u00e9rminos econ\u00f3micos porque ser\u00e1 electoral, se\u00f1al\u00f3 Edi Alberto Mart\u00ednez Tejeda, presidente local de la C\u00e1mara Nacional de Comercio. Record\u00f3 que en cada a\u00f1o electoral la econom\u00eda se contrae por lo que ser\u00e1 una etapa complicada. \u201cYo creo que todo el a\u00f1o ser\u00e1 complicado [&hellip;]<\/p>\n","protected":false},"author":8,"featured_media":134654,"comment_status":"open","ping_status":"open","sticky":false,"template":"","format":"standard","meta":{"_monsterinsights_skip_tracking":false,"_monsterinsights_sitenote_active":false,"_monsterinsights_sitenote_note":"","_monsterinsights_sitenote_category":0,"footnotes":""},"categories":[154],"tags":[27673,384],"class_list":["post-134653","post","type-post","status-publish","format-standard","has-post-thumbnail","hentry","category-veracruz","tag-canaco-veracruz","tag-economia","wp-image-borders"],"amp_enabled":true,"_links":{"self":[{"href":"https:\/\/nvnoticias.mx\/index.php\/wp-json\/wp\/v2\/posts\/134653","targetHints":{"allow":["GET"]}}],"collection":[{"href":"https:\/\/nvnoticias.mx\/index.php\/wp-json\/wp\/v2\/posts"}],"about":[{"href":"https:\/\/nvnoticias.mx\/index.php\/wp-json\/wp\/v2\/types\/post"}],"author":[{"embeddable":true,"href":"https:\/\/nvnoticias.mx\/index.php\/wp-json\/wp\/v2\/users\/8"}],"replies":[{"embeddable":true,"href":"https:\/\/nvnoticias.mx\/index.php\/wp-json\/wp\/v2\/comments?post=134653"}],"version-history":[{"count":1,"href":"https:\/\/nvnoticias.mx\/index.php\/wp-json\/wp\/v2\/posts\/134653\/revisions"}],"predecessor-version":[{"id":134655,"href":"https:\/\/nvnoticias.mx\/index.php\/wp-json\/wp\/v2\/posts\/134653\/revisions\/134655"}],"wp:featuredmedia":[{"embeddable":true,"href":"https:\/\/nvnoticias.mx\/index.php\/wp-json\/wp\/v2\/media\/134654"}],"wp:attachment":[{"href":"https:\/\/nvnoticias.mx\/index.php\/wp-json\/wp\/v2\/media?parent=134653"}],"wp:term":[{"taxonomy":"category","embeddable":true,"href":"https:\/\/nvnoticias.mx\/index.php\/wp-json\/wp\/v2\/categories?post=134653"},{"taxonomy":"post_tag","embeddable":true,"href":"https:\/\/nvnoticias.mx\/index.php\/wp-json\/wp\/v2\/tags?post=134653"}],"curies":[{"name":"wp","href":"https:\/\/api.w.org\/{rel}","templated":true}]}}