{"id":134556,"date":"2024-01-03T15:59:47","date_gmt":"2024-01-03T21:59:47","guid":{"rendered":"https:\/\/nvnoticias.mx\/?p=134556"},"modified":"2024-01-03T15:59:48","modified_gmt":"2024-01-03T21:59:48","slug":"selena-gomez-se-retirara-de-la-musica","status":"publish","type":"post","link":"https:\/\/nvnoticias.mx\/index.php\/2024\/01\/03\/selena-gomez-se-retirara-de-la-musica\/","title":{"rendered":"Selena Gomez se retirar\u00e1 de la m\u00fasica"},"content":{"rendered":"\n<p><strong>Selena G\u00f3mez<\/strong>, la vers\u00e1til artista que debut\u00f3 en 2009 con su \u00e1lbum &#8220;Kiss &amp; Tell&#8221;, est\u00e1 contemplando nuevos horizontes en su carrera musical. Recientemente sugiri\u00f3 que lanzar\u00e1 un \u00e1lbum m\u00e1s antes de retirarse por completo, seg\u00fan un adelanto del podcast &#8220;Smartless&#8221; obtenido por &#8220;E News!&#8221;.<\/p>\n\n\n\n<p>En el inicio de su carrera, G\u00f3mez disfrut\u00f3 del mundo de la m\u00fasica y encontr\u00f3 la diversi\u00f3n en las giras. Entre 2007 y 2011, periodo en el cual fue contratada por Hollywood Records y form\u00f3 la banda Selena Gomez &amp; the Scene, tambi\u00e9n protagoniz\u00f3 el programa de Disney &#8220;Los hechiceros de Waverly Place&#8221;. Durante ese tiempo, desbordaba energ\u00eda para participar en m\u00faltiples proyectos. Sin embargo, con el paso del tiempo, la famosa desea encontrar estabilidad: &#8220;Pero cuanto mayor me hago, m\u00e1s pienso: &#8216;Me gustar\u00eda encontrar algo con lo que asentarme'&#8221;, comparti\u00f3.<img loading=\"lazy\" decoding=\"async\" width=\"0\" height=\"620\" alt=\"Foto: Instagram @selenagomez (Shane McCauley para WWD)\" src=\"https:\/\/www.eluniversal.com.mx\/resizer\/N9WuRej5dGHIjt2ahWzwHSq6js0=\/0x620\/filters:focal(568x403:578x413)\/cloudfront-us-east-1.images.arcpublishing.com\/eluniversal\/PWDCWNEN6JB3JIMIB5IXEENL7M.jpg\">Foto: Instagram @selenagomez (Shane McCauley para WWD)<\/p>\n\n\n\n<p>Ahora, G\u00f3mez considera establecerse m\u00e1s en el \u00e1mbito actoral: &#8220;Siento que tengo un \u00e1lbum m\u00e1s dentro de m\u00ed, pero voy a querer relajarme porque estoy cansada&#8221;, confes\u00f3.<\/p>\n\n\n\n<p>Hasta el momento, la int\u00e9rprete de &#8220;Same old love&#8221; ha lanzado tres \u00e1lbumes, empezando con &#8220;Stars Dance&#8221; (2013), su primer proyecto en solitario, y culminando con &#8220;Rare&#8221; en 2020. Adem\u00e1s de su carrera musical, ha continuado participando en diversas pel\u00edculas y series como &#8220;Solo asesinatos en el edificio&#8221;.<\/p>\n\n\n\n<p>Fuente:<a href=\"https:\/\/www.eluniversal.com.mx\/especiales\/adios-a-los-escenarios-selena-gomez-sugiere-que-podria-lanzar-su-ultimo-album\/\" data-type=\"URL\" data-id=\"https:\/\/www.eluniversal.com.mx\/especiales\/adios-a-los-escenarios-selena-gomez-sugiere-que-podria-lanzar-su-ultimo-album\/\"> El Universal<\/a> <\/p>\n","protected":false},"excerpt":{"rendered":"<p>Selena G\u00f3mez, la vers\u00e1til artista que debut\u00f3 en 2009 con su \u00e1lbum &#8220;Kiss &amp; Tell&#8221;, est\u00e1 contemplando nuevos horizontes en su carrera musical. Recientemente sugiri\u00f3 que lanzar\u00e1 un \u00e1lbum m\u00e1s antes de retirarse por completo, seg\u00fan un adelanto del podcast &#8220;Smartless&#8221; obtenido por &#8220;E News!&#8221;. En el inicio de su carrera, G\u00f3mez disfrut\u00f3 del mundo [&hellip;]<\/p>\n","protected":false},"author":35,"featured_media":67065,"comment_status":"open","ping_status":"open","sticky":false,"template":"","format":"standard","meta":{"_monsterinsights_skip_tracking":false,"_monsterinsights_sitenote_active":false,"_monsterinsights_sitenote_note":"","_monsterinsights_sitenote_category":0,"footnotes":""},"categories":[576],"tags":[9801,126],"class_list":["post-134556","post","type-post","status-publish","format-standard","has-post-thumbnail","hentry","category-ocio","tag-retirara","tag-selena-gomez","wp-image-borders"],"amp_enabled":true,"_links":{"self":[{"href":"https:\/\/nvnoticias.mx\/index.php\/wp-json\/wp\/v2\/posts\/134556","targetHints":{"allow":["GET"]}}],"collection":[{"href":"https:\/\/nvnoticias.mx\/index.php\/wp-json\/wp\/v2\/posts"}],"about":[{"href":"https:\/\/nvnoticias.mx\/index.php\/wp-json\/wp\/v2\/types\/post"}],"author":[{"embeddable":true,"href":"https:\/\/nvnoticias.mx\/index.php\/wp-json\/wp\/v2\/users\/35"}],"replies":[{"embeddable":true,"href":"https:\/\/nvnoticias.mx\/index.php\/wp-json\/wp\/v2\/comments?post=134556"}],"version-history":[{"count":3,"href":"https:\/\/nvnoticias.mx\/index.php\/wp-json\/wp\/v2\/posts\/134556\/revisions"}],"predecessor-version":[{"id":134559,"href":"https:\/\/nvnoticias.mx\/index.php\/wp-json\/wp\/v2\/posts\/134556\/revisions\/134559"}],"wp:featuredmedia":[{"embeddable":true,"href":"https:\/\/nvnoticias.mx\/index.php\/wp-json\/wp\/v2\/media\/67065"}],"wp:attachment":[{"href":"https:\/\/nvnoticias.mx\/index.php\/wp-json\/wp\/v2\/media?parent=134556"}],"wp:term":[{"taxonomy":"category","embeddable":true,"href":"https:\/\/nvnoticias.mx\/index.php\/wp-json\/wp\/v2\/categories?post=134556"},{"taxonomy":"post_tag","embeddable":true,"href":"https:\/\/nvnoticias.mx\/index.php\/wp-json\/wp\/v2\/tags?post=134556"}],"curies":[{"name":"wp","href":"https:\/\/api.w.org\/{rel}","templated":true}]}}