{"id":13449,"date":"2021-05-15T14:27:48","date_gmt":"2021-05-15T19:27:48","guid":{"rendered":"https:\/\/nvnoticias.mx\/?p=13449"},"modified":"2021-05-15T14:27:49","modified_gmt":"2021-05-15T19:27:49","slug":"anuncian-fecha-para-vacunar-a-personas-de-50-a-59-anos-y-embarazadas-contra-covid-19-en-el-municipio-de-veracruz","status":"publish","type":"post","link":"https:\/\/nvnoticias.mx\/index.php\/2021\/05\/15\/anuncian-fecha-para-vacunar-a-personas-de-50-a-59-anos-y-embarazadas-contra-covid-19-en-el-municipio-de-veracruz\/","title":{"rendered":"Anuncian fecha para vacunar a personas de 50 a 59 a\u00f1os y embarazadas contra Covid-19 en el municipio de Veracruz"},"content":{"rendered":"\n<p>El delegado federal, Manuel Huerta Ladr\u00f3n de Guevara, inform\u00f3 que del 17 al 21 de mayo en el municipio de Veracruz se vacunar\u00e1 contra el COVID-19 a personas de 50 a 59 a\u00f1os de edad;\u00a0y mujeres embarazadas.<\/p>\n\n\n\n<p>El funcionario indic\u00f3 que en el transcurso de cinco d\u00edas se les aplicar\u00e1 el biol\u00f3gico de Pfizer a esos sectores de la poblaci\u00f3n e incluso a los adultos mayores que no lo hicieron cuando les correspond\u00eda.<\/p>\n\n\n\n<p>Para esta ocasi\u00f3n ser\u00e1n habilitados 12 m\u00f3dulos de vacunaci\u00f3n que en las siguientes horas ser\u00e1n dados a conocer con las direcciones de los mismos y&nbsp; los detalles de apellidos que corresponde a cada d\u00eda.<\/p>\n\n\n\n<blockquote class=\"wp-block-quote is-layout-flow wp-block-quote-is-layout-flow\"><p><em>&#8220;Hay algunos movimientos menores porque siguen estando los que m\u00e1s reconocen la gente, pero esa convocatoria se publica al rato en los sitios oficiales con el mismo sistema de letras, vamos a hacerlo en menos d\u00edas&#8221;.<\/em><\/p><\/blockquote>\n\n\n\n<p>En el caso de las embarazadas record\u00f3 que tienen que ser mujeres mayores de 18 a\u00f1os de edad y que confiar\u00e1n en la palabra de quienes asistan a los m\u00f3dulos por lo que no ser\u00e1 necesario un comprobante.<\/p>\n\n\n\n<p>Un d\u00eda despu\u00e9s, el 18 de mayo comienza la jornada en Coatzacoalcos, P\u00e1nuco, Tecolutla, Filomeno Mata, Guti\u00e9rrez Zamora, Otatitl\u00e1n, Tlacojalpan, Tierra Blanca, Acula, y despu\u00e9s en San Andr\u00e9s Tuxtla.<\/p>\n\n\n\n<p>Fuente: XEU <\/p>\n","protected":false},"excerpt":{"rendered":"<p>El delegado federal, Manuel Huerta Ladr\u00f3n de Guevara, inform\u00f3 que del 17 al 21 de mayo en el municipio de Veracruz se vacunar\u00e1 contra el COVID-19 a personas de 50 a 59 a\u00f1os de edad;\u00a0y mujeres embarazadas. El funcionario indic\u00f3 que en el transcurso de cinco d\u00edas se les aplicar\u00e1 el biol\u00f3gico de Pfizer a [&hellip;]<\/p>\n","protected":false},"author":6,"featured_media":7427,"comment_status":"open","ping_status":"open","sticky":false,"template":"","format":"standard","meta":{"_monsterinsights_skip_tracking":false,"_monsterinsights_sitenote_active":false,"_monsterinsights_sitenote_note":"","_monsterinsights_sitenote_category":0,"footnotes":""},"categories":[154],"tags":[175,3734,3462,162,809],"class_list":["post-13449","post","type-post","status-publish","format-standard","has-post-thumbnail","hentry","category-veracruz","tag-covid-19","tag-embarazadas","tag-personas-50-anos","tag-portada","tag-vacunacion","wp-image-borders"],"amp_enabled":true,"_links":{"self":[{"href":"https:\/\/nvnoticias.mx\/index.php\/wp-json\/wp\/v2\/posts\/13449","targetHints":{"allow":["GET"]}}],"collection":[{"href":"https:\/\/nvnoticias.mx\/index.php\/wp-json\/wp\/v2\/posts"}],"about":[{"href":"https:\/\/nvnoticias.mx\/index.php\/wp-json\/wp\/v2\/types\/post"}],"author":[{"embeddable":true,"href":"https:\/\/nvnoticias.mx\/index.php\/wp-json\/wp\/v2\/users\/6"}],"replies":[{"embeddable":true,"href":"https:\/\/nvnoticias.mx\/index.php\/wp-json\/wp\/v2\/comments?post=13449"}],"version-history":[{"count":1,"href":"https:\/\/nvnoticias.mx\/index.php\/wp-json\/wp\/v2\/posts\/13449\/revisions"}],"predecessor-version":[{"id":13450,"href":"https:\/\/nvnoticias.mx\/index.php\/wp-json\/wp\/v2\/posts\/13449\/revisions\/13450"}],"wp:featuredmedia":[{"embeddable":true,"href":"https:\/\/nvnoticias.mx\/index.php\/wp-json\/wp\/v2\/media\/7427"}],"wp:attachment":[{"href":"https:\/\/nvnoticias.mx\/index.php\/wp-json\/wp\/v2\/media?parent=13449"}],"wp:term":[{"taxonomy":"category","embeddable":true,"href":"https:\/\/nvnoticias.mx\/index.php\/wp-json\/wp\/v2\/categories?post=13449"},{"taxonomy":"post_tag","embeddable":true,"href":"https:\/\/nvnoticias.mx\/index.php\/wp-json\/wp\/v2\/tags?post=13449"}],"curies":[{"name":"wp","href":"https:\/\/api.w.org\/{rel}","templated":true}]}}