{"id":134442,"date":"2024-01-03T09:17:21","date_gmt":"2024-01-03T15:17:21","guid":{"rendered":"https:\/\/nvnoticias.mx\/?p=134442"},"modified":"2024-01-03T09:19:47","modified_gmt":"2024-01-03T15:19:47","slug":"al-menos-4-migrantes-colombianos-entre-los-31-secuestrados-en-tamaulipas-gustavo-petro","status":"publish","type":"post","link":"https:\/\/nvnoticias.mx\/index.php\/2024\/01\/03\/al-menos-4-migrantes-colombianos-entre-los-31-secuestrados-en-tamaulipas-gustavo-petro\/","title":{"rendered":"Al menos 4 migrantes colombianos entre los 31 secuestrados en Tamaulipas: Gustavo Petro"},"content":{"rendered":"\n<p>El&nbsp;<strong>presidente de Colombia, Gustavo Petro<\/strong>, inform\u00f3 que en el secuestro m\u00faltiple en&nbsp;<strong>Reynosa, Tamaulipas<\/strong>, hay 4 colombianos, por lo que la embajada colombiana en M\u00e9xico se encuentra en comunicaci\u00f3n con el estado mexicano para su rescate.<\/p>\n\n\n\n<blockquote class=\"wp-block-quote is-layout-flow wp-block-quote-is-layout-flow\"><p>&#8220;En este secuestro m\u00faltiple en Mexico hay 4 colombianos. La embajada colombiana en M\u00e9xico coordina con el estado mexicano el rescate sanos y salvos&#8221;, escribi\u00f3 en su cuenta de X.<\/p><\/blockquote>\n\n\n\n<p>El pasado 30 de diciembre, un comando armado intercept\u00f3 un autob\u00fas de pasajeros de la&nbsp;<strong>ruta Monterrey-Matamoros<\/strong>&nbsp;y se llev\u00f3 a<strong>&nbsp;31 migrantes de diversas nacionalidades.<\/strong><\/p>\n\n\n\n<p>Los hechos ocurrieron en el tramo de Reynosa a Matamoros donde el autob\u00fas de Grupo Senda fue interceptado por cinco camionetas con personas armadas.<\/p>\n\n\n\n<p>De acuerdo con&nbsp;<strong>Jorge Cu\u00e9llar Montoya<\/strong>, titular del Secretariado Ejecutivo de Seguridad Publica de Tamaulipas, hasta el 1 de enero de 2024 dichas personas se encuentran en calidad de desaparecidos.<\/p>\n\n\n\n<p>Por el momento, unidades de la<strong>&nbsp;Guardia Nacional<\/strong>, elementos estatales y personal militar de la Sedena realizan recorridos de seguridad y vigilancia sobre varios tramos carreteros y en la Autopista Matamoros-Reynosa.<\/p>\n\n\n\n<p>Trascendi\u00f3 que el autob\u00fas sali\u00f3 de Monterrey, en el vecino estado de Nuevo Le\u00f3n, y ten\u00eda como destino final la ciudad fronteriza de Matamoros, Tamaulipas, de donde los migrantes intentan pasar a Estados Unidos. Sin embargo, fueron interceptados cuando estaban a la altura del municipio de Reynosa, otra ciudad fronteriza.<\/p>\n\n\n\n<p>Cu\u00e9llar Montoya detall\u00f3 que fueron s\u00f3lo cinco viajeros de nacionalidad mexicana a quienes no se llevaron y que junto con los choferes del autob\u00fas fueron escoltados hasta Matamoros.<\/p>\n\n\n\n<p>Fuente: <a href=\"https:\/\/www.eluniversal.com.mx\/nacion\/hay-4-migrantes-colombianos-entre-los-31-secuestrados-en-reynosa-tamaulipas-afirma-gustavo-petro\/\" data-type=\"URL\" data-id=\"https:\/\/www.eluniversal.com.mx\/nacion\/hay-4-migrantes-colombianos-entre-los-31-secuestrados-en-reynosa-tamaulipas-afirma-gustavo-petro\/\">El Universal<\/a> <\/p>\n","protected":false},"excerpt":{"rendered":"<p>El&nbsp;presidente de Colombia, Gustavo Petro, inform\u00f3 que en el secuestro m\u00faltiple en&nbsp;Reynosa, Tamaulipas, hay 4 colombianos, por lo que la embajada colombiana en M\u00e9xico se encuentra en comunicaci\u00f3n con el estado mexicano para su rescate. &#8220;En este secuestro m\u00faltiple en Mexico hay 4 colombianos. La embajada colombiana en M\u00e9xico coordina con el estado mexicano el [&hellip;]<\/p>\n","protected":false},"author":35,"featured_media":120311,"comment_status":"open","ping_status":"open","sticky":false,"template":"","format":"standard","meta":{"_monsterinsights_skip_tracking":false,"_monsterinsights_sitenote_active":false,"_monsterinsights_sitenote_note":"","_monsterinsights_sitenote_category":0,"footnotes":""},"categories":[181],"tags":[6700,16208,452,162,3561],"class_list":["post-134442","post","type-post","status-publish","format-standard","has-post-thumbnail","hentry","category-internacional","tag-colombianos","tag-gustavo-petro","tag-migrantes","tag-portada","tag-secuestrados","wp-image-borders"],"amp_enabled":true,"_links":{"self":[{"href":"https:\/\/nvnoticias.mx\/index.php\/wp-json\/wp\/v2\/posts\/134442","targetHints":{"allow":["GET"]}}],"collection":[{"href":"https:\/\/nvnoticias.mx\/index.php\/wp-json\/wp\/v2\/posts"}],"about":[{"href":"https:\/\/nvnoticias.mx\/index.php\/wp-json\/wp\/v2\/types\/post"}],"author":[{"embeddable":true,"href":"https:\/\/nvnoticias.mx\/index.php\/wp-json\/wp\/v2\/users\/35"}],"replies":[{"embeddable":true,"href":"https:\/\/nvnoticias.mx\/index.php\/wp-json\/wp\/v2\/comments?post=134442"}],"version-history":[{"count":5,"href":"https:\/\/nvnoticias.mx\/index.php\/wp-json\/wp\/v2\/posts\/134442\/revisions"}],"predecessor-version":[{"id":134447,"href":"https:\/\/nvnoticias.mx\/index.php\/wp-json\/wp\/v2\/posts\/134442\/revisions\/134447"}],"wp:featuredmedia":[{"embeddable":true,"href":"https:\/\/nvnoticias.mx\/index.php\/wp-json\/wp\/v2\/media\/120311"}],"wp:attachment":[{"href":"https:\/\/nvnoticias.mx\/index.php\/wp-json\/wp\/v2\/media?parent=134442"}],"wp:term":[{"taxonomy":"category","embeddable":true,"href":"https:\/\/nvnoticias.mx\/index.php\/wp-json\/wp\/v2\/categories?post=134442"},{"taxonomy":"post_tag","embeddable":true,"href":"https:\/\/nvnoticias.mx\/index.php\/wp-json\/wp\/v2\/tags?post=134442"}],"curies":[{"name":"wp","href":"https:\/\/api.w.org\/{rel}","templated":true}]}}