{"id":134425,"date":"2024-01-02T18:40:47","date_gmt":"2024-01-03T00:40:47","guid":{"rendered":"https:\/\/nvnoticias.mx\/?p=134425"},"modified":"2024-01-02T18:40:49","modified_gmt":"2024-01-03T00:40:49","slug":"la-pasarela-de-las-ambiciones-politicas","status":"publish","type":"post","link":"https:\/\/nvnoticias.mx\/index.php\/2024\/01\/02\/la-pasarela-de-las-ambiciones-politicas\/","title":{"rendered":"La pasarela de las ambiciones pol\u00edticas"},"content":{"rendered":"\n<p><strong>Ricardo Homs <\/strong><\/p>\n\n\n\n<p><strong>La desbandada del PRI hacia Morena<\/strong>, -conformada por grandes figuras de ese partido, donde incluso hay exgobernadores-, se percibe plena de oportunismo.<\/p>\n\n\n\n<p>Sin embargo, la frialdad del recibimiento por parte de&nbsp;<strong>Claudia Sheinbaum<\/strong>&nbsp;y de&nbsp;<strong>Mario Delgado<\/strong>&nbsp;tiene un tufo de desaire, si es que ellos pensaban que ser\u00edan recibidos con grandes fiestas.<\/p>\n\n\n\n<p>No es lo mismo abandonar el&nbsp;<strong>PRI&nbsp;<\/strong>por desacuerdos con su partido y otra acercarse a negociar integrarse con el enemigo tradicional. Eso significa traicionar a los votantes que les dieron el cargo, esos que estaban en contra de la&nbsp;<strong>4T<\/strong>. Podr\u00edan haberse mantenido como independientes.<\/p>\n\n\n\n<p>Es evidente la falta de cultura pol\u00edtica de nuestros gobernantes, que no tienen compromiso moral con ning\u00fan proyecto que implique una visi\u00f3n de pa\u00eds.<\/p>\n\n\n\n<p>Nuestros pol\u00edticos cambian de partido como los deportistas cambian de camiseta cuando los ficha otro equipo.<\/p>\n\n\n\n<p>\u00bfD\u00f3nde queda el compromiso ideol\u00f3gico? Evidentemente nuestros pol\u00edticos, -salvo excepciones-, son \u201cbuscachambas\u201d. \u00bfEste perfil de pol\u00edticos es lo que este gran pa\u00eds merece?<\/p>\n\n\n\n<p>Nuestra pol\u00edtica ha adquirido un significado laboral por una parte, y empresarial por otra. De ah\u00ed se deriva la&nbsp;<strong>corrupci\u00f3n<\/strong>, pues los pol\u00edticos de hoy carecen de convicciones.<\/p>\n\n\n\n<p>A final de cuentas \u201cla chamba\u201d se la da el elector con su voto, pues conf\u00eda en que dentro del partido pol\u00edtico que le respalda va una visi\u00f3n que \u00e9l mismo como ciudadano y su candidato comparten. Por tanto, cuando cambia de partido dentro de la vigencia del cargo obtenido bajo las siglas de un partido, entonces se da un latrocinio, robo, abuso de confianza lo cual moralmente constituye un delito que no est\u00e1 legislado con la visi\u00f3n jur\u00eddica que debiese existir.<\/p>\n\n\n\n<p>Los derechos pol\u00edticos de la persona en el cargo p\u00fablico no deben estar por encima del compromiso asumido con quien le dio su voto, teniendo otras opciones entre las cuales decidirse.<\/p>\n\n\n\n<p>Incluso, no es lo mismo renunciar a un partido y quedar como&nbsp;<strong>independiente<\/strong>, que irse a ofrecer lambisconamente con quien antes era el enemigo a vencer. Cuando finalice el cargo, puede y tiene todo el derecho de afiliarse con el partido que desee y los ciudadanos debemos tomarlo como un cambio de opini\u00f3n y convicciones, pero no durante la vigencia del cargo.<\/p>\n\n\n\n<p>El&nbsp;<strong>IFE&nbsp;<\/strong>debiese promover una legislaci\u00f3n que impida a un pol\u00edtico en funciones, -en cargo de elecci\u00f3n popular-, ya sea alcalde, gobernador o legislador, cambiar de partido y si sucede, sancionarlo con la renuncia, pues usurpa el cargo con la encomienda que le otorg\u00f3 el electorado que le dio el triunfo.<\/p>\n\n\n\n<p>\u00bfQui\u00e9n es el propietario del cargo? Definitivamente es el ciudadano votante en primer lugar, -y en segundo-, el partido que ejerci\u00f3 su presupuesto invirti\u00e9ndolo para ganar la elecci\u00f3n.<\/p>\n\n\n\n<p>Por lo pronto, el electorado, -desde la sociedad civil-, debe castigarlo con el escarnio y se\u00f1alarlo como un ladr\u00f3n\u2026 sea quien sea.<\/p>\n\n\n\n<p>Un legislador que puede cambiar de partido se presta a que el Poder Ejecutivo pueda comprar su voto en una elecci\u00f3n importante, cambiando la correlaci\u00f3n de fuerzas que puede impulsar una ley en un sentido u otro.<\/p>\n\n\n\n<h2 class=\"wp-block-heading\"><strong>TRAGEDIA EN TEXCALTITL\u00c1N<\/strong><\/h2>\n\n\n\n<p>Despu\u00e9s de la defensa de los pobladores de este municipio en contra de quienes les cobraban derecho de piso y la muerte de once delincuentes, se ha confirmado la desaparici\u00f3n de una familia completa de apellido&nbsp;<strong>Huicoechea<\/strong>, -conformada por ocho miembros-, adem\u00e1s de otras seis personas de esa localidad, sumando en total 14 secuestrados.<\/p>\n\n\n\n<p>De estas v\u00edctimas cuatro son menores de edad: Keyli Nataly de a\u00f1o y medio, DIlan Tadeo de cuatro, Lucero de 13 y Edwin de 14 a\u00f1os.<\/p>\n\n\n\n<p><strong>La violencia ha llegado a la infancia&nbsp;<\/strong>y el presidente L\u00f3pez Obrador a\u00fan no acepta este contexto como grave. Todo el mundo se conduele de las v\u00edctimas infantiles de la guerra en la Franja de Gaza. Sin embargo, \u00bfqu\u00e9 suceder\u00e1 cuando los medios de comunicaci\u00f3n internacionales y la UNICEF descubran que la delincuencia organizada en M\u00e9xico arremete contra infantes?<\/p>\n\n\n\n<p>De nada sirven las reuniones madrugadoras del equipo de seguridad que seguramente desayuna con el presidente de lunes a viernes si no generan resultados. Pueden estarse reuniendo para convivir, o para analizar las labores de inteligencia aplicadas al \u00e1mbito electoral, o para comentar las noticias o abordar cualquier otro tema. Si no hay resultados, de nada sirven esas reuniones.<\/p>\n\n\n\n<h2 class=\"wp-block-heading\"><strong>LA ASF \u00bfIMPARCIAL?<\/strong><\/h2>\n\n\n\n<p>La<strong>&nbsp;Auditor\u00eda Superior de la Federaci\u00f3n<\/strong>&nbsp;se inconform\u00f3 porque un juez liber\u00f3 a&nbsp;<strong>Rosario Robles<\/strong>&nbsp;de responsabilidades por la \u201cestafa maestra\u201d, sin poder fincarle responsabilidades despu\u00e9s de un proceso judicial iniciado hace casi&nbsp;<strong>seis a\u00f1os<\/strong>, de los cuales casi&nbsp;<strong>tres a\u00f1os ella pas\u00f3 en prisi\u00f3n<\/strong>.<\/p>\n\n\n\n<p>Sin embargo, no ha investigado a Ignacio Ovalle por su posible responsabilidad en el desfalco de&nbsp;<strong>15 mil millones a SEGALMEX<\/strong>&nbsp;en este sexenio. Solo ha involucrado a funcionarios menores. \u00bfNunca se enter\u00f3 Ovalle del destino de este monto siendo el director general? Si no lo supo es malo, pero si lo sab\u00eda, a\u00fan es peor.<\/p>\n\n\n\n<h2 class=\"wp-block-heading\"><strong>EXTORSI\u00d3N<\/strong><\/h2>\n\n\n\n<p>La noticia del&nbsp;<strong>secuestro de trabajadores de una poller\u00eda<\/strong>&nbsp;en el EDOMEX ha destapado la grave situaci\u00f3n de violencia que viven los expendedores de pollo en esa regi\u00f3n a causa del cobro de derecho de piso.<\/p>\n\n\n\n<p>\u00bfPara qu\u00e9 utiliza el gobierno federal el sistema de espionaje Pegasus?<\/p>\n\n\n\n<p>Una investigaci\u00f3n del New York Times publicada el 18 de abril de 2023 destapa que efectivamente en marzo del 2011 el Ej\u00e9rcito Mexicano compr\u00f3 este servicio de espionaje, -el m\u00e1s avanzado del mundo-, desarrollado por expertos israel\u00edes en inform\u00e1tica.<\/p>\n\n\n\n<p>Este sistema se compr\u00f3 para combatir la delincuencia. Sin embargo, el New York Times en este art\u00edculo asegura que al d\u00eda hoy se utiliza para espiar civiles que enfrentan al gobierno, as\u00ed como&nbsp;<strong>activistas y periodistas.<\/strong><\/p>\n\n\n\n<p>Seguramente tambi\u00e9n se ha utilizado para lograr la detenci\u00f3n de los grandes protagonistas de la delincuencia organizada, lo cual es altamente rentable medi\u00e1ticamente.<\/p>\n\n\n\n<p>Sin embargo\u2026 \u00bfCu\u00e1ndo se utilizar\u00e1 para desarticular bandas dedicadas a la extorsi\u00f3n y cobro de derecho de piso?<\/p>\n\n\n\n<p>Seguramente se minimiza el impacto y la gravedad de estos delitos, sin descubrir que \u00e9stos son&nbsp;<strong>generadores de violencia f\u00edsica y homicidios<\/strong>&nbsp;en contra de quienes se resisten a pagar.<\/p>\n\n\n\n<p>\u00bfA usted qu\u00e9 le parece?<\/p>\n\n\n\n<p>Facebook: @Ricardo.Homs1<\/p>\n\n\n\n<p>\u201cX\u201d, (Twitter): @homsricardo<\/p>\n\n\n\n<p>Linkedin: Ricardo Homs<\/p>\n\n\n\n<p><a href=\"http:\/\/www.ricardohoms.com\/\" target=\"_blank\" rel=\"noreferrer noopener\">www.ricardohoms.com<\/a><\/p>\n","protected":false},"excerpt":{"rendered":"<p>Ricardo Homs La desbandada del PRI hacia Morena, -conformada por grandes figuras de ese partido, donde incluso hay exgobernadores-, se percibe plena de oportunismo. Sin embargo, la frialdad del recibimiento por parte de&nbsp;Claudia Sheinbaum&nbsp;y de&nbsp;Mario Delgado&nbsp;tiene un tufo de desaire, si es que ellos pensaban que ser\u00edan recibidos con grandes fiestas. No es lo mismo [&hellip;]<\/p>\n","protected":false},"author":18,"featured_media":101225,"comment_status":"open","ping_status":"open","sticky":false,"template":"","format":"standard","meta":{"_monsterinsights_skip_tracking":false,"_monsterinsights_sitenote_active":false,"_monsterinsights_sitenote_note":"","_monsterinsights_sitenote_category":0,"footnotes":""},"categories":[246],"tags":[173],"class_list":["post-134425","post","type-post","status-publish","format-standard","has-post-thumbnail","hentry","category-ricardo-homs","tag-ricardo-homs","wp-image-borders"],"amp_enabled":true,"_links":{"self":[{"href":"https:\/\/nvnoticias.mx\/index.php\/wp-json\/wp\/v2\/posts\/134425","targetHints":{"allow":["GET"]}}],"collection":[{"href":"https:\/\/nvnoticias.mx\/index.php\/wp-json\/wp\/v2\/posts"}],"about":[{"href":"https:\/\/nvnoticias.mx\/index.php\/wp-json\/wp\/v2\/types\/post"}],"author":[{"embeddable":true,"href":"https:\/\/nvnoticias.mx\/index.php\/wp-json\/wp\/v2\/users\/18"}],"replies":[{"embeddable":true,"href":"https:\/\/nvnoticias.mx\/index.php\/wp-json\/wp\/v2\/comments?post=134425"}],"version-history":[{"count":1,"href":"https:\/\/nvnoticias.mx\/index.php\/wp-json\/wp\/v2\/posts\/134425\/revisions"}],"predecessor-version":[{"id":134426,"href":"https:\/\/nvnoticias.mx\/index.php\/wp-json\/wp\/v2\/posts\/134425\/revisions\/134426"}],"wp:featuredmedia":[{"embeddable":true,"href":"https:\/\/nvnoticias.mx\/index.php\/wp-json\/wp\/v2\/media\/101225"}],"wp:attachment":[{"href":"https:\/\/nvnoticias.mx\/index.php\/wp-json\/wp\/v2\/media?parent=134425"}],"wp:term":[{"taxonomy":"category","embeddable":true,"href":"https:\/\/nvnoticias.mx\/index.php\/wp-json\/wp\/v2\/categories?post=134425"},{"taxonomy":"post_tag","embeddable":true,"href":"https:\/\/nvnoticias.mx\/index.php\/wp-json\/wp\/v2\/tags?post=134425"}],"curies":[{"name":"wp","href":"https:\/\/api.w.org\/{rel}","templated":true}]}}