{"id":134406,"date":"2024-01-02T15:26:55","date_gmt":"2024-01-02T21:26:55","guid":{"rendered":"https:\/\/nvnoticias.mx\/?p=134406"},"modified":"2024-01-02T15:26:57","modified_gmt":"2024-01-02T21:26:57","slug":"alistan-ministros-de-la-corte-llegada-de-lenia-batres-el-4-de-enero-en-sesion-solemne","status":"publish","type":"post","link":"https:\/\/nvnoticias.mx\/index.php\/2024\/01\/02\/alistan-ministros-de-la-corte-llegada-de-lenia-batres-el-4-de-enero-en-sesion-solemne\/","title":{"rendered":"Alistan ministros de la Corte llegada de Lenia Batres el 4 de enero en sesi\u00f3n solemne"},"content":{"rendered":"\n<p>El pr\u00f3ximo jueves 4 de enero, los ministros de la Suprema Corte de Justicia de la Naci\u00f3n (<strong>SCJN<\/strong>) recibir\u00e1n en sesi\u00f3n solemne a\u00a0<strong>Lenia Batres<\/strong>\u00a0como integrante del m\u00e1ximo tribunal de justicia,, manifest\u00f3 la ministra presidente,\u00a0<strong>Norma Luc\u00eda Pi\u00f1a<\/strong>, durante la sesi\u00f3n solemne de apertura del primer periodo de sesiones 2024.<\/p>\n\n\n\n<p>\u201cConvoco a las se\u00f1oras ministras y a los se\u00f1ores ministros para la sesi\u00f3n p\u00fablica solemne que tendr\u00e1 verificativo el pr\u00f3ximo jueves 4 de enero, en donde se recibir\u00e1 a la ministra Lenia Batres\u201d, expres\u00f3 Pi\u00f1a Hern\u00e1ndez.<\/p>\n\n\n\n<p>Durante su discurso, la ministra presidenta de la Corte dijo que para este primer periodo de sesiones, el Tribunal tiene listados para su an\u00e1lisis y resoluci\u00f3n diversos asuntos relevantes tanto para el ejercicio de los derechos y libertades de los mexicanos.<\/p>\n\n\n\n<p>As\u00ed como para la definici\u00f3n de los pesos y contrapesos que establece la Constituci\u00f3n, para el adecuado funcionamiento del Estado constitucional y democr\u00e1tico de derecho que nos define como pa\u00eds.<\/p>\n\n\n\n<p>Pi\u00f1a Hern\u00e1ndez se\u00f1al\u00f3 que se analizar\u00e1 la aclaraci\u00f3n de la sentencia dictada en la controversia constitucional 121\/2012, relativa al conflicto de l\u00edmites territoriales conocido como los Chimalapas, en la cual se cuestiona si es necesario aclarar el fallo en la parte en que se fijaron las coordenadas geogr\u00e1ficas relativas al \u201cCerro de los Mart\u00ednez\u201d, e incluso en cuanto a que el nombre correcto de ese punto lim\u00edtrofe es \u201cCerro los Mart\u00ednez\u201d.<\/p>\n\n\n\n<p>Coment\u00f3 que en relaci\u00f3n con el alcance del derecho de acceso a la informaci\u00f3n p\u00fablica, destaca un recurso de revisi\u00f3n en materia de seguridad nacional.<\/p>\n\n\n\n<p>La ministra Pi\u00f1a sostuvo que el an\u00e1lisis permitir\u00e1 determinar si resulta apegado a derecho la resoluci\u00f3n del Instituto Nacional de Transparencia, Acceso a la Informaci\u00f3n y Protecci\u00f3n de Datos personales (<strong>INAI<\/strong>), que mandata entregar una versi\u00f3n p\u00fablica de los reportes de operaciones que presentan las entidades financieras y los avisos de quienes realizan actividades vulnerables relacionados con las contrataciones vinculadas con el caso Pegasus.<\/p>\n\n\n\n<p>Se\u00f1al\u00f3 que en las primeras sesiones de enero se abordar\u00e1 una contradicci\u00f3n de criterios, en la cual se determinar\u00e1 si en una sentencia de amparo indirecto pueden v\u00e1lidamente dictarse medidas de reparaci\u00f3n diversas a la restituci\u00f3n, como puede ser la rehabilitaci\u00f3n, las garant\u00edas de no repetici\u00f3n o una compensaci\u00f3n, en su caso.<\/p>\n\n\n\n<p>Fuente<a href=\"https:\/\/www.eluniversal.com.mx\/nacion\/ministros-de-la-corte-alistan-llegada-de-lenia-batres-el-4-de-enero-en-sesion-solemne\/\" data-type=\"URL\" data-id=\"https:\/\/www.eluniversal.com.mx\/nacion\/ministros-de-la-corte-alistan-llegada-de-lenia-batres-el-4-de-enero-en-sesion-solemne\/\">: El Universal<\/a> <\/p>\n","protected":false},"excerpt":{"rendered":"<p>El pr\u00f3ximo jueves 4 de enero, los ministros de la Suprema Corte de Justicia de la Naci\u00f3n (SCJN) recibir\u00e1n en sesi\u00f3n solemne a\u00a0Lenia Batres\u00a0como integrante del m\u00e1ximo tribunal de justicia,, manifest\u00f3 la ministra presidente,\u00a0Norma Luc\u00eda Pi\u00f1a, durante la sesi\u00f3n solemne de apertura del primer periodo de sesiones 2024. \u201cConvoco a las se\u00f1oras ministras y a [&hellip;]<\/p>\n","protected":false},"author":35,"featured_media":130888,"comment_status":"open","ping_status":"open","sticky":false,"template":"","format":"standard","meta":{"_monsterinsights_skip_tracking":false,"_monsterinsights_sitenote_active":false,"_monsterinsights_sitenote_note":"","_monsterinsights_sitenote_category":0,"footnotes":""},"categories":[158],"tags":[8846,12257,28458,14266,6075],"class_list":["post-134406","post","type-post","status-publish","format-standard","has-post-thumbnail","hentry","category-politica","tag-alistan","tag-cortes","tag-lenia-batres","tag-llegada","tag-ministros","wp-image-borders"],"amp_enabled":true,"_links":{"self":[{"href":"https:\/\/nvnoticias.mx\/index.php\/wp-json\/wp\/v2\/posts\/134406","targetHints":{"allow":["GET"]}}],"collection":[{"href":"https:\/\/nvnoticias.mx\/index.php\/wp-json\/wp\/v2\/posts"}],"about":[{"href":"https:\/\/nvnoticias.mx\/index.php\/wp-json\/wp\/v2\/types\/post"}],"author":[{"embeddable":true,"href":"https:\/\/nvnoticias.mx\/index.php\/wp-json\/wp\/v2\/users\/35"}],"replies":[{"embeddable":true,"href":"https:\/\/nvnoticias.mx\/index.php\/wp-json\/wp\/v2\/comments?post=134406"}],"version-history":[{"count":3,"href":"https:\/\/nvnoticias.mx\/index.php\/wp-json\/wp\/v2\/posts\/134406\/revisions"}],"predecessor-version":[{"id":134409,"href":"https:\/\/nvnoticias.mx\/index.php\/wp-json\/wp\/v2\/posts\/134406\/revisions\/134409"}],"wp:featuredmedia":[{"embeddable":true,"href":"https:\/\/nvnoticias.mx\/index.php\/wp-json\/wp\/v2\/media\/130888"}],"wp:attachment":[{"href":"https:\/\/nvnoticias.mx\/index.php\/wp-json\/wp\/v2\/media?parent=134406"}],"wp:term":[{"taxonomy":"category","embeddable":true,"href":"https:\/\/nvnoticias.mx\/index.php\/wp-json\/wp\/v2\/categories?post=134406"},{"taxonomy":"post_tag","embeddable":true,"href":"https:\/\/nvnoticias.mx\/index.php\/wp-json\/wp\/v2\/tags?post=134406"}],"curies":[{"name":"wp","href":"https:\/\/api.w.org\/{rel}","templated":true}]}}